{"id":199940,"date":"2014-10-08T12:28:33","date_gmt":"2014-10-08T12:28:33","guid":{"rendered":"http:\/\/diariodominicano.ddns.net\/?p=199940"},"modified":"2014-10-08T12:28:33","modified_gmt":"2014-10-08T12:28:33","slug":"inician-juegos-de-cadetes-dedicados-al-jefe-del-erd","status":"publish","type":"post","link":"https:\/\/diariodominicano.com\/?p=199940","title":{"rendered":"Inician Juegos de Cadetes dedicados al jefe del ERD"},"content":{"rendered":"<p><body><\/p>\n<p><img decoding=\"async\" src=\"img3\/cadete 8.jpeg\" \/>  <\/p>\n<p>OLIMPISMO<\/p>\n<p>Inician Juegos de Cadetes dedicados al jefe del ERD<\/p>\n<\/p>\n<p>El coronel Kalil Hach\u00e9, comandante de la Caballer\u00eda de Sangre del Ej\u00e9rcito, coordinador y asesor deportivo de las Fuerzas Armadas de la Polic\u00eda Nacional, mientras izaba la bandera del C\u00edrculo Deportivo Militar. A su lado, el coronel C\u00e9sar Castro Mart\u00ednez hace lo propio con la de laAcademia Frank F\u00e9lix Miranda.<\/p>\n<p>Compartir este art\u00edculo<\/p>\n<\/p>\n<p>Santo Domingo<\/p>\n<p>Con la solemnidad y la puntualidad que caracteriza los eventos que organiza el C\u00edrculo Deportivo Militar fueron iniciados ayer los XVIII Juegos Deportivos Inter.- acad\u00e9micos de las Fuerzas Armadas y la Polic\u00eda Nacional, justa dedicada al mayor general Jos\u00e9 Matos de la Cruz, comandante general del Ej\u00e9rcito de la Rep\u00fablica Dominicana, teniendo como escenario las instalaciones de la academia Batalla de Las Carreras, en San Isidro.<\/p>\n<\/p>\n<p>El evento se inici\u00f3 a la hora prevista, contando con la presencia de las autoridades civiles y militares .<\/p>\n<\/p>\n<p>Los Juegos de Cadetes y Guardiamarinas son organizados por el C\u00edrculo Militar, que preside el vicealmirante Juan Ram\u00f3n Soto de la Rosa.<\/p>\n<\/p>\n<p>Participan en la justa las academias: Batalla de las Carreras, Ej\u00e9rcito de Rep\u00fablica Dominicana; vicealmirante C\u00e9sar de Windt Lavandier, Armada de Rep\u00fablica Dominicana; General Piloto Frank A. Feliz Miranda, Fuerza A\u00e9rea de Rep\u00fablica Dominicana y la Facultad de Grado 2 de Marzo de la Polic\u00eda Nacional.<\/p>\n<\/p>\n<p>Se participar\u00e1 en las disciplinas de softbol, baloncesto, voleibol, tiro con fusil y pistola, nataci\u00f3n; judo, atletismo y Tenis de Mesa.<\/p>\n<\/p>\n<p>La ceremonia se inici\u00f3 con el recibimiento a las autoridades, el desfile de los equipos, se entreg\u00f3 una placa de reconocimiento al mayor general Matos de la Cruz, por parte del C\u00edrculo Deportivo Militar, la bandera del c\u00edrculo estuvo a cargo del coronel Kalil Hach\u00e9, director de Caballer\u00eda del Ej\u00e9rcito y asesor del C\u00edrculo Militar, quien han brindado un gran apoyo en los \u00faltimos diez a\u00f1os.<\/p>\n<\/p>\n<p>El mayor general Matos de la Cruz, agradeci\u00f3 la dedicaci\u00f3n de los Juegos de Cadetes.<\/p>\n<\/p>\n<\/p>\n<h6> 2014-10-08 12:28:33 <\/h6>\n<p><!--\n<link rel=\"stylesheet\" href=\"css\/bootstrap.min.css\">\n\n\n<ul class=\"pagination\">\n\t    \n\t\n\n<li >\n\t<a href='?page_no=16392'>Previous<\/a>\n\t<\/li>\n\n\n       \n    \n\n<li><a href='?page_no=1'>1<\/a><\/li>\n\n\n\n<li><a href='?page_no=2'>2<\/a><\/li>\n\n\n\n<li><a>...<\/a><\/li>\n\n\n\n<li><a href='?page_no=16391'>16391<\/a><\/li>\n\n\n\n<li><a href='?page_no=16392'>16392<\/a><\/li>\n\n\n\n<li class='active'><a>16393<\/a><\/li>\n\n\n\n<li><a href='?page_no=16394'>16394<\/a><\/li>\n\n\n\n<li><a href='?page_no=16395'>16395<\/a><\/li>\n\n\n\n<li><a>...<\/a><\/li>\n\n\n\n<li><a href='?page_no=36618'>36618<\/a><\/li>\n\n\n\n<li><a href='?page_no=36619'>36619<\/a><\/li>\n\n    \n\t\n\n<li >\n\t<a href='?page_no=16394'>Next<\/a>\n\t<\/li>\n\n\n    \n\n<li><a href='?page_no=36619'>Last &rsaquo;&rsaquo;<\/a><\/li>\n\n<\/ul>\n\n\n--><br \/>\n<\/body><\/p>\n","protected":false},"excerpt":{"rendered":"<p>OLIMPISMO Inician Juegos de Cadetes dedicados al jefe del ERD El coronel Kalil Hach\u00e9, comandante de la Caballer\u00eda de Sangre del Ej\u00e9rcito, coordinador y asesor deportivo de las Fuerzas Armadas de la Polic\u00eda Nacional, mientras izaba la bandera del C\u00edrculo Deportivo Militar. A su lado, el coronel C\u00e9sar Castro Mart\u00ednez hace lo propio con la [&hellip;]<\/p>\n","protected":false},"author":3,"featured_media":0,"comment_status":"open","ping_status":"open","sticky":false,"template":"","format":"standard","meta":{"footnotes":""},"categories":[17],"tags":[],"class_list":["post-199940","post","type-post","status-publish","format-standard","hentry","category-deportes"],"_links":{"self":[{"href":"https:\/\/diariodominicano.com\/index.php?rest_route=\/wp\/v2\/posts\/199940","targetHints":{"allow":["GET"]}}],"collection":[{"href":"https:\/\/diariodominicano.com\/index.php?rest_route=\/wp\/v2\/posts"}],"about":[{"href":"https:\/\/diariodominicano.com\/index.php?rest_route=\/wp\/v2\/types\/post"}],"author":[{"embeddable":true,"href":"https:\/\/diariodominicano.com\/index.php?rest_route=\/wp\/v2\/users\/3"}],"replies":[{"embeddable":true,"href":"https:\/\/diariodominicano.com\/index.php?rest_route=%2Fwp%2Fv2%2Fcomments&post=199940"}],"version-history":[{"count":0,"href":"https:\/\/diariodominicano.com\/index.php?rest_route=\/wp\/v2\/posts\/199940\/revisions"}],"wp:attachment":[{"href":"https:\/\/diariodominicano.com\/index.php?rest_route=%2Fwp%2Fv2%2Fmedia&parent=199940"}],"wp:term":[{"taxonomy":"category","embeddable":true,"href":"https:\/\/diariodominicano.com\/index.php?rest_route=%2Fwp%2Fv2%2Fcategories&post=199940"},{"taxonomy":"post_tag","embeddable":true,"href":"https:\/\/diariodominicano.com\/index.php?rest_route=%2Fwp%2Fv2%2Ftags&post=199940"}],"curies":[{"name":"wp","href":"https:\/\/api.w.org\/{rel}","templated":true}]}}