{"id":199939,"date":"2014-10-08T12:31:34","date_gmt":"2014-10-08T12:31:34","guid":{"rendered":"http:\/\/diariodominicano.ddns.net\/?p=199939"},"modified":"2014-10-08T12:31:34","modified_gmt":"2014-10-08T12:31:34","slug":"celebraran-gran-premio-toyota-en-el-autodromo-mobil-1","status":"publish","type":"post","link":"https:\/\/diariodominicano.com\/?p=199939","title":{"rendered":"&#13;Celebrar\u00e1n Gran Premio Toyota en el Aut\u00f3dromo Mobil 1"},"content":{"rendered":"<p><body><\/p>\n<p><img decoding=\"async\" src=\"img3\/mobil 8.jpeg\" \/>  <\/p>\n<p>Santo Domingo RD 8 octubre.- Con una participaci\u00f3n record de corredores de automovilismo y motociclismo de toda el \u00e1rea caribe\u00f1a ser\u00e1 celebrado el Gran Premio Toyota el domingo 19 de octubre en las instalaciones del Aut\u00f3dromo Mobil 1.<\/p>\n<\/p>\n<p>El Gran Premio Toyota, correspondiente a la cuarta fecha de la temporada 2014 de autos y motos, contar\u00e1 con una nutrida participaci\u00f3n de pilotos de ambas disciplinas de toda la geograf\u00eda nacional, los cuales servir\u00e1n de anfitriones ante delegaciones y participantes de Puerto Rico, Panam\u00e1, Cuba, Hait\u00ed, Estados Unidos y Uruguay.<\/p>\n<\/p>\n<p>En automovilismo se espera una fuerte lucha en todas las categor\u00edas pero principalmente en la Dominican Touring Series, dominada por el piloto norteamericano Chip Heer, el cual podr\u00eda alzarse en esta fecha con el campeonato 2014 si logra obtener un buen resultado en pista. <\/p>\n<\/p>\n<p>Esta situaci\u00f3n ha motivado a sus principales adversarios de la categor\u00eda a prepararse m\u00e1s a fondo para destronar al norteamericano, tal es el caso de Alfredo Najri, Kiko Cabrera y Jos\u00e9 Ricardo Leorux los cuales han preparado impecablemente sus m\u00e1quinas con miras a este compromiso. No obstante a esto el Gran Premio Toyota contar\u00e1 con la reintegraci\u00f3n de Jorge y Juan Carlos Leroux quienes volver\u00e1n a competir en el pa\u00eds luego de agotar una agenda de participaciones en el extranjero, de igual forma el uruguayo Alfredo Mari\u00f1o volver\u00e1 a estar en pista en su potente auto as\u00ed como John Fern\u00e1ndez, Tony Canahuate y Ruddy P\u00e9rez.<\/p>\n<\/p>\n<p>Adem\u00e1s de las carreras de automovilismo y motociclismo contar\u00e1 con una presentaci\u00f3n del popular artista urbano Mozart La Para, el cual realizar\u00e1 una presentaci\u00f3n en el intermedio del evento y un espectacular cierre una vez finalicen las competencias planificadas para este d\u00eda.<\/p>\n<p><strong> <\/strong><\/p>\n<p><strong>Lucha en Super Bike<\/strong><\/p>\n<p>La lucha en las motos se mantiene al rojo vivo en la categor\u00eda Super Bike, entre los pilotos Emilo Pe\u00f1a, Persio L\u00f3pez y Waldis Veras, los cuales mantienen una batalla bien cerrada por el dominio de la m\u00e1xima categor\u00eda del motociclismo nacional. De igual forma Wayne Veras tendr\u00e1 que emplearse a fondo para mantener su liderazgo de la categor\u00eda Pro Bike, luego del triunfo obtenido por Wellinton Cabrera en la competencia pasada, as\u00ed como la integraci\u00f3n de los boricuas y cubanos que llegaran al pa\u00eds a participar en esta competitiva categor\u00eda. De su lado los puertorrique\u00f1os llegaran al pa\u00eds con siete pilotos para participar en las diferentes categor\u00edas de motociclismo, mientras que los cubanos llegan con cuatro corredores j\u00f3venes que pretenden continuar la historia de \u00e9xitos logrados por el motociclismo de Cuba.<\/p>\n<\/p>\n<h6> 2014-10-08 12:31:34 <\/h6>\n<p><!--\n<link rel=\"stylesheet\" href=\"css\/bootstrap.min.css\">\n\n\n<ul class=\"pagination\">\n\t    \n\t\n\n<li >\n\t<a href='?page_no=16391'>Previous<\/a>\n\t<\/li>\n\n\n       \n    \n\n<li><a href='?page_no=1'>1<\/a><\/li>\n\n\n\n<li><a href='?page_no=2'>2<\/a><\/li>\n\n\n\n<li><a>...<\/a><\/li>\n\n\n\n<li><a href='?page_no=16390'>16390<\/a><\/li>\n\n\n\n<li><a href='?page_no=16391'>16391<\/a><\/li>\n\n\n\n<li class='active'><a>16392<\/a><\/li>\n\n\n\n<li><a href='?page_no=16393'>16393<\/a><\/li>\n\n\n\n<li><a href='?page_no=16394'>16394<\/a><\/li>\n\n\n\n<li><a>...<\/a><\/li>\n\n\n\n<li><a href='?page_no=36618'>36618<\/a><\/li>\n\n\n\n<li><a href='?page_no=36619'>36619<\/a><\/li>\n\n    \n\t\n\n<li >\n\t<a href='?page_no=16393'>Next<\/a>\n\t<\/li>\n\n\n    \n\n<li><a href='?page_no=36619'>Last &rsaquo;&rsaquo;<\/a><\/li>\n\n<\/ul>\n\n\n--><br \/>\n<\/body><\/p>\n","protected":false},"excerpt":{"rendered":"<p>Santo Domingo RD 8 octubre.- Con una participaci\u00f3n record de corredores de automovilismo y motociclismo de toda el \u00e1rea caribe\u00f1a ser\u00e1 celebrado el Gran Premio Toyota el domingo 19 de octubre en las instalaciones del Aut\u00f3dromo Mobil 1. El Gran Premio Toyota, correspondiente a la cuarta fecha de la temporada 2014 de autos y motos, [&hellip;]<\/p>\n","protected":false},"author":3,"featured_media":0,"comment_status":"open","ping_status":"open","sticky":false,"template":"","format":"standard","meta":{"footnotes":""},"categories":[17],"tags":[],"class_list":["post-199939","post","type-post","status-publish","format-standard","hentry","category-deportes"],"_links":{"self":[{"href":"https:\/\/diariodominicano.com\/index.php?rest_route=\/wp\/v2\/posts\/199939","targetHints":{"allow":["GET"]}}],"collection":[{"href":"https:\/\/diariodominicano.com\/index.php?rest_route=\/wp\/v2\/posts"}],"about":[{"href":"https:\/\/diariodominicano.com\/index.php?rest_route=\/wp\/v2\/types\/post"}],"author":[{"embeddable":true,"href":"https:\/\/diariodominicano.com\/index.php?rest_route=\/wp\/v2\/users\/3"}],"replies":[{"embeddable":true,"href":"https:\/\/diariodominicano.com\/index.php?rest_route=%2Fwp%2Fv2%2Fcomments&post=199939"}],"version-history":[{"count":0,"href":"https:\/\/diariodominicano.com\/index.php?rest_route=\/wp\/v2\/posts\/199939\/revisions"}],"wp:attachment":[{"href":"https:\/\/diariodominicano.com\/index.php?rest_route=%2Fwp%2Fv2%2Fmedia&parent=199939"}],"wp:term":[{"taxonomy":"category","embeddable":true,"href":"https:\/\/diariodominicano.com\/index.php?rest_route=%2Fwp%2Fv2%2Fcategories&post=199939"},{"taxonomy":"post_tag","embeddable":true,"href":"https:\/\/diariodominicano.com\/index.php?rest_route=%2Fwp%2Fv2%2Ftags&post=199939"}],"curies":[{"name":"wp","href":"https:\/\/api.w.org\/{rel}","templated":true}]}}