{"id":199937,"date":"2014-10-08T18:21:07","date_gmt":"2014-10-08T18:21:07","guid":{"rendered":"http:\/\/diariodominicano.ddns.net\/?p=199937"},"modified":"2014-10-08T18:21:07","modified_gmt":"2014-10-08T18:21:07","slug":"ana-rita-conteras-primera-dominicana-ifbb-bikini-pro","status":"publish","type":"post","link":"https:\/\/diariodominicano.com\/?p=199937","title":{"rendered":"Ana Rita Conteras primera dominicana IFBB Bikini Pro"},"content":{"rendered":"<p><body><\/p>\n<p><img decoding=\"async\" src=\"img3\/ana 8.jpg\" \/><br \/><img decoding=\"async\" src=\"img3\/ana rita 8.jpg\" \/>  <\/p>\n<p>Santo Domingo RD 8 octubre.- Ana Rita Contreras se alz\u00f3 nuevamente con el primer lugar en la categor\u00eda de Bikini y luego el absoluto, en la 42ava versi\u00f3n del campeonato de Fitness y Fisiculturismo de Centroam\u00e9rica y el Caribe.<\/p>\n<\/p>\n<p>Contreras result\u00f3 ser la  primera dominicana en obtener el t\u00edtulo IFBB Bikini Pro al derrotar en las cinco categor\u00edas alrededor de unos 80 atletas, quienes compitieron en esta disciplina.<\/p>\n<\/p>\n<p>El campeonato se realiz\u00f3 en el Convention Center del Maho Beach Resort en Saint Marteen con la participaci\u00f3n de 300 atletas de 28 pa\u00edses de Centroam\u00e9rica y el Caribe.<\/p>\n<\/p>\n<p>Contreras, quien form\u00f3 parte de la delegaci\u00f3n de Rep\u00fablica Dominicana que estuvo integrada por unas 22 personas entre atletas y delegados de la Federaci\u00f3n Dominicana de Fisiculturismo, cont\u00f3 con el respaldo de Universal Fitness, Laserblu y OGS Provincia Monte Plata.<\/p>\n<\/p>\n<p>La arquitecta y ex Miss Mundo Dominicana en el 2009 ha ganado varios campeonatos nacionales e internacionales con apenas dos a\u00f1os en el mundo del Fitness y Fisiculturismo.<\/p>\n<\/p>\n<p>La beldad dominicana asegur\u00f3 que continuar\u00e1 participando en competencias nacionales e internacionales para representar con mucho orgullo la Rep\u00fablica Dominicana y mantener el estatus de IFBB Bikini Pro. <\/p>\n<\/p>\n<h6> 2014-10-08 18:21:07 <\/h6>\n<p><!--\n<link rel=\"stylesheet\" href=\"css\/bootstrap.min.css\">\n\n\n<ul class=\"pagination\">\n\t    \n\t\n\n<li >\n\t<a href='?page_no=16389'>Previous<\/a>\n\t<\/li>\n\n\n       \n    \n\n<li><a href='?page_no=1'>1<\/a><\/li>\n\n\n\n<li><a href='?page_no=2'>2<\/a><\/li>\n\n\n\n<li><a>...<\/a><\/li>\n\n\n\n<li><a href='?page_no=16388'>16388<\/a><\/li>\n\n\n\n<li><a href='?page_no=16389'>16389<\/a><\/li>\n\n\n\n<li class='active'><a>16390<\/a><\/li>\n\n\n\n<li><a href='?page_no=16391'>16391<\/a><\/li>\n\n\n\n<li><a href='?page_no=16392'>16392<\/a><\/li>\n\n\n\n<li><a>...<\/a><\/li>\n\n\n\n<li><a href='?page_no=36618'>36618<\/a><\/li>\n\n\n\n<li><a href='?page_no=36619'>36619<\/a><\/li>\n\n    \n\t\n\n<li >\n\t<a href='?page_no=16391'>Next<\/a>\n\t<\/li>\n\n\n    \n\n<li><a href='?page_no=36619'>Last &rsaquo;&rsaquo;<\/a><\/li>\n\n<\/ul>\n\n\n--><br \/>\n<\/body><\/p>\n","protected":false},"excerpt":{"rendered":"<p>Santo Domingo RD 8 octubre.- Ana Rita Contreras se alz\u00f3 nuevamente con el primer lugar en la categor\u00eda de Bikini y luego el absoluto, en la 42ava versi\u00f3n del campeonato de Fitness y Fisiculturismo de Centroam\u00e9rica y el Caribe. Contreras result\u00f3 ser la primera dominicana en obtener el t\u00edtulo IFBB Bikini Pro al derrotar en [&hellip;]<\/p>\n","protected":false},"author":3,"featured_media":0,"comment_status":"open","ping_status":"open","sticky":false,"template":"","format":"standard","meta":{"footnotes":""},"categories":[17],"tags":[],"class_list":["post-199937","post","type-post","status-publish","format-standard","hentry","category-deportes"],"_links":{"self":[{"href":"https:\/\/diariodominicano.com\/index.php?rest_route=\/wp\/v2\/posts\/199937","targetHints":{"allow":["GET"]}}],"collection":[{"href":"https:\/\/diariodominicano.com\/index.php?rest_route=\/wp\/v2\/posts"}],"about":[{"href":"https:\/\/diariodominicano.com\/index.php?rest_route=\/wp\/v2\/types\/post"}],"author":[{"embeddable":true,"href":"https:\/\/diariodominicano.com\/index.php?rest_route=\/wp\/v2\/users\/3"}],"replies":[{"embeddable":true,"href":"https:\/\/diariodominicano.com\/index.php?rest_route=%2Fwp%2Fv2%2Fcomments&post=199937"}],"version-history":[{"count":0,"href":"https:\/\/diariodominicano.com\/index.php?rest_route=\/wp\/v2\/posts\/199937\/revisions"}],"wp:attachment":[{"href":"https:\/\/diariodominicano.com\/index.php?rest_route=%2Fwp%2Fv2%2Fmedia&parent=199937"}],"wp:term":[{"taxonomy":"category","embeddable":true,"href":"https:\/\/diariodominicano.com\/index.php?rest_route=%2Fwp%2Fv2%2Fcategories&post=199937"},{"taxonomy":"post_tag","embeddable":true,"href":"https:\/\/diariodominicano.com\/index.php?rest_route=%2Fwp%2Fv2%2Ftags&post=199937"}],"curies":[{"name":"wp","href":"https:\/\/api.w.org\/{rel}","templated":true}]}}