{"id":199935,"date":"2014-10-08T20:13:53","date_gmt":"2014-10-08T20:13:53","guid":{"rendered":"http:\/\/diariodominicano.ddns.net\/?p=199935"},"modified":"2014-10-08T20:13:53","modified_gmt":"2014-10-08T20:13:53","slug":"acosta-asegura-estan-mas-armoniosas-las-relaciones-ministerio-de-deportes-y-cod","status":"publish","type":"post","link":"https:\/\/diariodominicano.com\/?p=199935","title":{"rendered":"Acosta asegura est\u00e1n m\u00e1s armoniosas las relaciones Ministerio de Deportes y COD"},"content":{"rendered":"<p><body><\/p>\n<p><img decoding=\"async\" src=\"http:\/\/localhost:8080\/img3\/COLIN.jpg\" \/>  <\/p>\n<p><span class=\"text1noticias\">Santo Domingo, RD, 8 de Octubre.-El secretario general del Comit\u00e9 Ol\u00edmpico Dominicano (COD) y presidente de la Federaci\u00f3n Dominicana de Lucha, profesor Antonio Acosta (Colin), declar\u00f3 que mantienen una relaci\u00f3n muy armoniosa con el ministro de Deportes, doctor Jaime David Fern\u00e1ndez Mirabal.<\/span><\/p>\n<\/p>\n<p><span class=\"text1noticias\">Hablando en el programa \u00abContacto Deportivo\u00bb, Acosta dio a conocer que se ha abierto una l\u00ednea de comunicaci\u00f3n entre el presidente del Comit\u00e9 Ol\u00edmpico, Luis\u00edn Mej\u00eda y Fern\u00e1ndez Mirabal, lo cual, a su juicio, ser\u00e1 beneficioso para el deporte.<\/span><\/p>\n<\/p>\n<p><span class=\"text1noticias\">\u00abEn ning\u00fan pa\u00eds del mundo el deporte puede tener \u00e9xito si el Comit\u00e9 Ol\u00edmpico y el Ministerio de Deportes trabajan cada uno por su lado\u00bb, consider\u00f3 Acosta tras ser entrevistado por Tito Alc\u00e1ntara, Zoilo Payano, L\u00e1zaro Garc\u00eda, F\u00e9lix Melo y David Salvador en el espacio transmitido de lunes a jueves de 11:00 a 12:00 del mediod\u00eda por Santo Domingo TV, canal 24 del cable y 69 de UHF.<\/span><\/p>\n<\/p>\n<p><strong><span class=\"text1noticias\">La presidencia del COD<\/span><\/strong><\/p>\n<\/p>\n<p><span class=\"text1noticias\">Por otro lado, el secretario general del COD, asegur\u00f3 que por un asunto de lealtad no se presentar\u00e1 como candidato a la presidencia de ese organismo porque su actual presidente Luis\u00edn Mej\u00eda buscar\u00e1 un nuevo mandado.<\/span><\/p>\n<\/p>\n<p><span class=\"text1noticias\">\u00abLa lealtad es una de las virtudes que adorna a los seres humanos, y en ese sentido yo he sido un hombre que he trabajado en los proyectos de Luis\u00edn y no puedo adversarlo porque ser\u00eda desleal\u00bb, proclam\u00f3 Colin Acosta.<\/span><\/p>\n<\/p>\n<p><span class=\"text1noticias\">Asimismo, el presidente de la Federaci\u00f3n de Lucha anunci\u00f3 que clasificaron 18 atletas para los Juegos Centroamericanos y del Caribe de Veracruz, M\u00e9xico y resalt\u00f3 los programas que desarrollan para captar los talentos a nivel nacional, adem\u00e1s de los trabajos que realizan para educar y profesionalizar a sus atletas.<\/span><\/p>\n<\/p>\n<p><span class=\"text1noticias\">Otros invitados<\/span><\/p>\n<\/p>\n<p><span class=\"text1noticias\">En \u00abContacto Deportivo\u00bb estuvieron como invitados adem\u00e1s Eugenio P\u00e9rez junior, del canal Televida, habl\u00f3 de la alianza que han hecho con el gimnasio Body Shop en el marco del marat\u00f3n acu\u00e1tico \u00abBrazadas por Valores\u00bb a efectuarse este s\u00e1bado a partir de las 4:00 de la tarde.<\/span><\/p>\n<\/p>\n<p><span class=\"text1noticias\">Adem\u00e1s los j\u00f3venes hermanos franceses Juliane y Simone Luckie, quienes hablaron de las cl\u00ednicas de Bicicross que iniciaron desde este mi\u00e9rcoles en el Centro Ol\u00edmpico Juan Pablo Duarte.(HG)<\/span>.<\/p>\n<\/p>\n<h6> 2014-10-08 20:13:53 <\/h6>\n<p><!--\n<link rel=\"stylesheet\" href=\"css\/bootstrap.min.css\">\n\n\n<ul class=\"pagination\">\n\t    \n\t\n\n<li >\n\t<a href='?page_no=16388'>Previous<\/a>\n\t<\/li>\n\n\n       \n    \n\n<li><a href='?page_no=1'>1<\/a><\/li>\n\n\n\n<li><a href='?page_no=2'>2<\/a><\/li>\n\n\n\n<li><a>...<\/a><\/li>\n\n\n\n<li><a href='?page_no=16387'>16387<\/a><\/li>\n\n\n\n<li><a href='?page_no=16388'>16388<\/a><\/li>\n\n\n\n<li class='active'><a>16389<\/a><\/li>\n\n\n\n<li><a href='?page_no=16390'>16390<\/a><\/li>\n\n\n\n<li><a href='?page_no=16391'>16391<\/a><\/li>\n\n\n\n<li><a>...<\/a><\/li>\n\n\n\n<li><a href='?page_no=36618'>36618<\/a><\/li>\n\n\n\n<li><a href='?page_no=36619'>36619<\/a><\/li>\n\n    \n\t\n\n<li >\n\t<a href='?page_no=16390'>Next<\/a>\n\t<\/li>\n\n\n    \n\n<li><a href='?page_no=36619'>Last &rsaquo;&rsaquo;<\/a><\/li>\n\n<\/ul>\n\n\n--><br \/>\n<\/body><\/p>\n","protected":false},"excerpt":{"rendered":"<p>Santo Domingo, RD, 8 de Octubre.-El secretario general del Comit\u00e9 Ol\u00edmpico Dominicano (COD) y presidente de la Federaci\u00f3n Dominicana de Lucha, profesor Antonio Acosta (Colin), declar\u00f3 que mantienen una relaci\u00f3n muy armoniosa con el ministro de Deportes, doctor Jaime David Fern\u00e1ndez Mirabal. Hablando en el programa \u00abContacto Deportivo\u00bb, Acosta dio a conocer que se ha [&hellip;]<\/p>\n","protected":false},"author":3,"featured_media":0,"comment_status":"open","ping_status":"open","sticky":false,"template":"","format":"standard","meta":{"footnotes":""},"categories":[17],"tags":[],"class_list":["post-199935","post","type-post","status-publish","format-standard","hentry","category-deportes"],"_links":{"self":[{"href":"https:\/\/diariodominicano.com\/index.php?rest_route=\/wp\/v2\/posts\/199935","targetHints":{"allow":["GET"]}}],"collection":[{"href":"https:\/\/diariodominicano.com\/index.php?rest_route=\/wp\/v2\/posts"}],"about":[{"href":"https:\/\/diariodominicano.com\/index.php?rest_route=\/wp\/v2\/types\/post"}],"author":[{"embeddable":true,"href":"https:\/\/diariodominicano.com\/index.php?rest_route=\/wp\/v2\/users\/3"}],"replies":[{"embeddable":true,"href":"https:\/\/diariodominicano.com\/index.php?rest_route=%2Fwp%2Fv2%2Fcomments&post=199935"}],"version-history":[{"count":0,"href":"https:\/\/diariodominicano.com\/index.php?rest_route=\/wp\/v2\/posts\/199935\/revisions"}],"wp:attachment":[{"href":"https:\/\/diariodominicano.com\/index.php?rest_route=%2Fwp%2Fv2%2Fmedia&parent=199935"}],"wp:term":[{"taxonomy":"category","embeddable":true,"href":"https:\/\/diariodominicano.com\/index.php?rest_route=%2Fwp%2Fv2%2Fcategories&post=199935"},{"taxonomy":"post_tag","embeddable":true,"href":"https:\/\/diariodominicano.com\/index.php?rest_route=%2Fwp%2Fv2%2Ftags&post=199935"}],"curies":[{"name":"wp","href":"https:\/\/api.w.org\/{rel}","templated":true}]}}