{"id":199932,"date":"2014-10-08T22:51:18","date_gmt":"2014-10-08T22:51:18","guid":{"rendered":"http:\/\/diariodominicano.ddns.net\/?p=199932"},"modified":"2014-10-08T22:51:18","modified_gmt":"2014-10-08T22:51:18","slug":"dedican-torneo-de-baloncesto-en-moca-a-jose-luis-paulino","status":"publish","type":"post","link":"https:\/\/diariodominicano.com\/?p=199932","title":{"rendered":"Dedican torneo de baloncesto en Moca a Jos\u00e9 Luis Paulino"},"content":{"rendered":"<p><body><\/p>\n<p><img decoding=\"async\" src=\"img3\/paulino.jpg\" \/>  <\/p>\n<p><span class=\"text1noticias\">Moca, provincia Espaillat, RD.- El segundo torneo de Baloncesto del barrio Eur\u00edpides fue dedicado al cronista deportivo, Jos\u00e9 Luis Paulino, por sus  aportes a la divulgaci\u00f3n del deporte, en su carrera de m\u00e1s de 16 a\u00f1os en los medios de comunicaci\u00f3n de Espaillat.<\/span><\/p>\n<\/p>\n<p><span class=\"text1noticias\">Paulino recibi\u00f3 una placa de reconocimiento en el acto de apertura deportivo de manos de Jean Carlos Castillo y Weldin Almanzar, organizadores de la justa, donde se disputara la copa J\u00f3venes Progresistas.<\/span><\/p>\n<\/p>\n<p><span class=\"text1noticias\">El joven Jean Carlos Castillo ley\u00f3 una semblanza de Paulino, defini\u00e9ndolo como un gigante del deporte en especial del baloncesto. \u00abAunque \u00e9l est\u00e1 en todos los lugares apoyando a todas las disciplinas, el siempre buscando todas las informaciones del baloncesto de Moca y otros lugares\u00bb, dijo.<\/span><\/p>\n<\/p>\n<p><span class=\"text1noticias\">Paulino en sus palabras dijo que recib\u00eda en nombre de su familia esta distinci\u00f3n y emotiva placa de reconocimiento que le entrega la comunidad deportiva del barrio de Eur\u00edpides donde se desarrollara la justa. <\/span><\/p>\n<\/p>\n<p><span class=\"text1noticias\">El narrador del Baloncesto Superior con Refuerzos de Moca, y productor de los programas, Los Deportes al D\u00eda y Despu\u00e9s del Juego, en Moca Visi\u00f3n Canal 6, tambi\u00e9n exhorto a los j\u00f3venes baloncestistas a seguir sus estudios para que sean grandes profesionales en el ma\u00f1ana.  <\/span><\/p>\n<\/p>\n<p><span class=\"text1noticias\">En el certamen ver\u00e1n acci\u00f3n los equipos: Los Bendecidos, Los Turbos, The Money Team y La Melma Team, jugando solo los domingos desde las 4:00 de la tarde en doble jornada en la cancha del Barrio de Eur\u00edpides. La justa recibe el apoyo del empresario Alfranny Ferreiras.<\/span><\/p>\n<\/p>\n<p><span class=\"text1noticias\">En el acto inaugural el presidente de la Asociaci\u00f3n de Baloncesto de Espaillat (ASOBAE), el empresario Fulgenio Mar\u00eda Capell\u00e1n, entreg\u00f3 utiler\u00edas al evento y los j\u00f3venes Progresistas que dirige Carlos Amarante Baret Garc\u00eda la copa a disputar en el certamen.(HG)<\/span>.<\/p>\n<h6> 2014-10-08 22:51:18 <\/h6>\n<p><!--\n<link rel=\"stylesheet\" href=\"css\/bootstrap.min.css\">\n\n\n<ul class=\"pagination\">\n\t    \n\t\n\n<li >\n\t<a href='?page_no=16385'>Previous<\/a>\n\t<\/li>\n\n\n       \n    \n\n<li><a href='?page_no=1'>1<\/a><\/li>\n\n\n\n<li><a href='?page_no=2'>2<\/a><\/li>\n\n\n\n<li><a>...<\/a><\/li>\n\n\n\n<li><a href='?page_no=16384'>16384<\/a><\/li>\n\n\n\n<li><a href='?page_no=16385'>16385<\/a><\/li>\n\n\n\n<li class='active'><a>16386<\/a><\/li>\n\n\n\n<li><a href='?page_no=16387'>16387<\/a><\/li>\n\n\n\n<li><a href='?page_no=16388'>16388<\/a><\/li>\n\n\n\n<li><a>...<\/a><\/li>\n\n\n\n<li><a href='?page_no=36618'>36618<\/a><\/li>\n\n\n\n<li><a href='?page_no=36619'>36619<\/a><\/li>\n\n    \n\t\n\n<li >\n\t<a href='?page_no=16387'>Next<\/a>\n\t<\/li>\n\n\n    \n\n<li><a href='?page_no=36619'>Last &rsaquo;&rsaquo;<\/a><\/li>\n\n<\/ul>\n\n\n--><br \/>\n<\/body><\/p>\n","protected":false},"excerpt":{"rendered":"<p>Moca, provincia Espaillat, RD.- El segundo torneo de Baloncesto del barrio Eur\u00edpides fue dedicado al cronista deportivo, Jos\u00e9 Luis Paulino, por sus aportes a la divulgaci\u00f3n del deporte, en su carrera de m\u00e1s de 16 a\u00f1os en los medios de comunicaci\u00f3n de Espaillat. Paulino recibi\u00f3 una placa de reconocimiento en el acto de apertura deportivo [&hellip;]<\/p>\n","protected":false},"author":3,"featured_media":0,"comment_status":"open","ping_status":"open","sticky":false,"template":"","format":"standard","meta":{"footnotes":""},"categories":[17],"tags":[],"class_list":["post-199932","post","type-post","status-publish","format-standard","hentry","category-deportes"],"_links":{"self":[{"href":"https:\/\/diariodominicano.com\/index.php?rest_route=\/wp\/v2\/posts\/199932","targetHints":{"allow":["GET"]}}],"collection":[{"href":"https:\/\/diariodominicano.com\/index.php?rest_route=\/wp\/v2\/posts"}],"about":[{"href":"https:\/\/diariodominicano.com\/index.php?rest_route=\/wp\/v2\/types\/post"}],"author":[{"embeddable":true,"href":"https:\/\/diariodominicano.com\/index.php?rest_route=\/wp\/v2\/users\/3"}],"replies":[{"embeddable":true,"href":"https:\/\/diariodominicano.com\/index.php?rest_route=%2Fwp%2Fv2%2Fcomments&post=199932"}],"version-history":[{"count":0,"href":"https:\/\/diariodominicano.com\/index.php?rest_route=\/wp\/v2\/posts\/199932\/revisions"}],"wp:attachment":[{"href":"https:\/\/diariodominicano.com\/index.php?rest_route=%2Fwp%2Fv2%2Fmedia&parent=199932"}],"wp:term":[{"taxonomy":"category","embeddable":true,"href":"https:\/\/diariodominicano.com\/index.php?rest_route=%2Fwp%2Fv2%2Fcategories&post=199932"},{"taxonomy":"post_tag","embeddable":true,"href":"https:\/\/diariodominicano.com\/index.php?rest_route=%2Fwp%2Fv2%2Ftags&post=199932"}],"curies":[{"name":"wp","href":"https:\/\/api.w.org\/{rel}","templated":true}]}}