{"id":199928,"date":"2014-10-09T13:19:29","date_gmt":"2014-10-09T13:19:29","guid":{"rendered":"http:\/\/diariodominicano.ddns.net\/?p=199928"},"modified":"2014-10-09T13:19:29","modified_gmt":"2014-10-09T13:19:29","slug":"toros-enfrentaran-las-estrellas-orientales-en-juego-inaugural","status":"publish","type":"post","link":"https:\/\/diariodominicano.com\/?p=199928","title":{"rendered":"Toros enfrentar\u00e1n las Estrellas Orientales en juego inaugural"},"content":{"rendered":"<p><body><\/p>\n<p><img decoding=\"async\" src=\"img3\/peguero 9.jpeg\" \/>  <\/p>\n<p>B\u00c9ISBOL INVERNAL<\/p>\n<p>\u00abEste a\u00f1o ser\u00e1 diferente\u00bb<\/p>\n<\/p>\n<p>Pablo Peguero, gerente general, habla sobre la estructuraci\u00f3n del conjunto de los Toros. Luis Dorante mientras ofrece detalles sobre las aspiraciones de ganar con el equipo de los Toros.<\/p>\n<p>Compartir este art\u00edculo<\/p>\n<\/p>\n<p>Freddy Tapia<\/p>\n<p>La Romana<\/p>\n<p> \u00abCuando han halado en una misma direcci\u00f3n los Toros han probado ser muy exitosos\u00bb. Eso es lo que se proponen hacer a partir del d\u00eda 16 cuando enfrenten a las Estrellas Orientales en el partido inaugural en el estadio Francisco Micheli de aqu\u00ed.<\/p>\n<\/p>\n<p>\u00abEste a\u00f1o ser\u00e1 diferente. No hay que mirar atr\u00e1s\u00bb, expres\u00f3 el dirigente Luis Dorante en obvia referencia a la actuaci\u00f3n de la campa\u00f1a pasada en la que qued\u00f3 en el s\u00f3tano con marca de 18-32.<\/p>\n<\/p>\n<p>\u00abEstamos construyendo una qu\u00edmica ganadora porque tenemos un compromiso no solo con La Romana sino con la camiseta y el b\u00e9isbol dominicano\u00bb, a\u00f1adi\u00f3 el capataz que dirigi\u00f3 a los Gigantes del Cibao en las campa\u00f1as 2007-08 y 2008-09 y a las \u00c1guilas de Zulia en las \u00faltimas dos estaciones.<\/p>\n<\/p>\n<p>Durante la conferencia de prensa el presidente de los Toros del Este destac\u00f3 que la din\u00e1mica de trabajo transmitida desde las oficinas de operaciones de b\u00e9isbol a los hombres de terreno debe arrojar resultados deportivos favorables que se ver\u00e1n desde el inicio de la campa\u00f1a.<\/p>\n<\/p>\n<p>Luis Emilio Rodr\u00edguez Amiama resalt\u00f3 la contrataci\u00f3n de Omar Minaya y Pablo Peguero y su equipo \u00abcuyo trabajo ya se ha comenzado a ver en los entrenamientos con la integraci\u00f3n masiva y el hambre de ganar de nuestros jugadores\u00bb.<\/p>\n<\/p>\n<p>\u00abLa pasada temporada hicimos grandes inversiones en la planta f\u00edsica de nuestro estadio y en la presenta campa\u00f1a gracias al respaldo que nos garantiza nuestra matriz Central Romana Corporation hemos enfocado nuestra inversi\u00f3n de manera especial en la parte humana\u00bb, a\u00f1adi\u00f3. <\/p>\n<\/p>\n<p>El gerente<\/p>\n<p>Pablo Peguero hizo \u00e9nfasis en la disciplina y la combinaci\u00f3n del talento joven y veterano para revertir el 1-10 que tuvo el equipo el a\u00f1o pasado en sus primeras once presentaciones del cual no se pudo recuperar.<\/p>\n<\/p>\n<p>\u00abDebemos mejorar sustancialmente la producci\u00f3n de carreras para que nuestros lanzadores no tengan que ganar juegos 1-0 y 2-1\u00bb, dijo un optimista gerente general.<\/p>\n<\/p>\n<p>Peguero anunci\u00f3 como nuevo importado al veterano lanzador Brad Penny, quien este a\u00f1o actu\u00f3 con los Marlins de Miami y confirm\u00f3 la contrataci\u00f3n de los lanzadores Elih Villanueva, Chris Leroux, Dyland Axelrod, Caleb Ray, David Purcey, Josh Lueke, el receptor Yasmani Grandal, el inicialista Matt Hague y los jardineros Tyler Moore y Cameron Maybin.<\/p>\n<\/p>\n<p>Ratific\u00f3 que el lanzador zurdo dominico-cubano Ra\u00fal Vald\u00e9s subir\u00e1 al box el d\u00eda de apertura. <\/p>\n<\/p>\n<p>La madrina<\/p>\n<p>En la rueda de prensa realizada en el segundo nivel del Supermercado Jumbo se le impuso la banda a la madrina Naomy G\u00f3mez \u00c1lvarez y el se\u00f1or Oscar Villanueva anunci\u00f3 la celebraci\u00f3n para el 16 de noviembre del evento ben\u00e9fico \u00abQui\u00e9reme como soy\u00bb. <\/p>\n<\/p>\n<p>Los precios<\/p>\n<p>Las boletas mantienen sus precios por quinto a\u00f1o seguido, a raz\u00f3n de 350 pesos, palcos; 250, preferencias y 50 gradas.<\/p>\n<\/p>\n<p>El canal oficial de las transmisiones de los Toros ser\u00e1 Coral 39 y por radio saldr\u00e1 a trav\u00e9s de La Voz de las Fuerzas Armadas a nivel nacional.<\/p>\n<h6> 2014-10-09 13:19:29 <\/h6>\n<p><!--\n<link rel=\"stylesheet\" href=\"css\/bootstrap.min.css\">\n\n\n<ul class=\"pagination\">\n\t    \n\t\n\n<li >\n\t<a href='?page_no=16381'>Previous<\/a>\n\t<\/li>\n\n\n       \n    \n\n<li><a href='?page_no=1'>1<\/a><\/li>\n\n\n\n<li><a href='?page_no=2'>2<\/a><\/li>\n\n\n\n<li><a>...<\/a><\/li>\n\n\n\n<li><a href='?page_no=16380'>16380<\/a><\/li>\n\n\n\n<li><a href='?page_no=16381'>16381<\/a><\/li>\n\n\n\n<li class='active'><a>16382<\/a><\/li>\n\n\n\n<li><a href='?page_no=16383'>16383<\/a><\/li>\n\n\n\n<li><a href='?page_no=16384'>16384<\/a><\/li>\n\n\n\n<li><a>...<\/a><\/li>\n\n\n\n<li><a href='?page_no=36618'>36618<\/a><\/li>\n\n\n\n<li><a href='?page_no=36619'>36619<\/a><\/li>\n\n    \n\t\n\n<li >\n\t<a href='?page_no=16383'>Next<\/a>\n\t<\/li>\n\n\n    \n\n<li><a href='?page_no=36619'>Last &rsaquo;&rsaquo;<\/a><\/li>\n\n<\/ul>\n\n\n--><br \/>\n<\/body><\/p>\n","protected":false},"excerpt":{"rendered":"<p>B\u00c9ISBOL INVERNAL \u00abEste a\u00f1o ser\u00e1 diferente\u00bb Pablo Peguero, gerente general, habla sobre la estructuraci\u00f3n del conjunto de los Toros. Luis Dorante mientras ofrece detalles sobre las aspiraciones de ganar con el equipo de los Toros. Compartir este art\u00edculo Freddy Tapia La Romana \u00abCuando han halado en una misma direcci\u00f3n los Toros han probado ser muy [&hellip;]<\/p>\n","protected":false},"author":3,"featured_media":0,"comment_status":"open","ping_status":"open","sticky":false,"template":"","format":"standard","meta":{"footnotes":""},"categories":[17],"tags":[],"class_list":["post-199928","post","type-post","status-publish","format-standard","hentry","category-deportes"],"_links":{"self":[{"href":"https:\/\/diariodominicano.com\/index.php?rest_route=\/wp\/v2\/posts\/199928","targetHints":{"allow":["GET"]}}],"collection":[{"href":"https:\/\/diariodominicano.com\/index.php?rest_route=\/wp\/v2\/posts"}],"about":[{"href":"https:\/\/diariodominicano.com\/index.php?rest_route=\/wp\/v2\/types\/post"}],"author":[{"embeddable":true,"href":"https:\/\/diariodominicano.com\/index.php?rest_route=\/wp\/v2\/users\/3"}],"replies":[{"embeddable":true,"href":"https:\/\/diariodominicano.com\/index.php?rest_route=%2Fwp%2Fv2%2Fcomments&post=199928"}],"version-history":[{"count":0,"href":"https:\/\/diariodominicano.com\/index.php?rest_route=\/wp\/v2\/posts\/199928\/revisions"}],"wp:attachment":[{"href":"https:\/\/diariodominicano.com\/index.php?rest_route=%2Fwp%2Fv2%2Fmedia&parent=199928"}],"wp:term":[{"taxonomy":"category","embeddable":true,"href":"https:\/\/diariodominicano.com\/index.php?rest_route=%2Fwp%2Fv2%2Fcategories&post=199928"},{"taxonomy":"post_tag","embeddable":true,"href":"https:\/\/diariodominicano.com\/index.php?rest_route=%2Fwp%2Fv2%2Ftags&post=199928"}],"curies":[{"name":"wp","href":"https:\/\/api.w.org\/{rel}","templated":true}]}}