{"id":199927,"date":"2014-10-09T13:24:31","date_gmt":"2014-10-09T13:24:31","guid":{"rendered":"http:\/\/diariodominicano.ddns.net\/?p=199927"},"modified":"2014-10-09T13:24:31","modified_gmt":"2014-10-09T13:24:31","slug":"josh-beckett-se-retira-de-las-mayores-a-los-34-anos-lanzo-partido-sin-hits","status":"publish","type":"post","link":"https:\/\/diariodominicano.com\/?p=199927","title":{"rendered":"Josh Beckett se retira de las Mayores a los 34 a\u00f1os; lanz\u00f3 partido sin hits"},"content":{"rendered":"<p><body><\/p>\n<p><img decoding=\"async\" src=\"img3\/josh 9.jpeg\" \/>  <\/p>\n<p>Los Angeles 9 octubre.- El pitcher Josh Beckett, quien tiene que operarse por una lesi\u00f3n de la cadera que lo margin\u00f3 por la mayor\u00eda de los tres \u00faltimos meses de la temporada, anunci\u00f3 su retiro del b\u00e9isbol, para cerrar una carrera de 14 a\u00f1os en Grandes Ligas en los que gan\u00f3 dos t\u00edtulos de la Serie Mundial.<\/p>\n<\/p>\n<p>El derecho de 34 a\u00f1os lanz\u00f3 un partido sin hits en mayo con los Dodgers de Los Angeles, pero fue colocado en la lista de lesionados por tercera ocasi\u00f3n a principios de agosto por una lesi\u00f3n en la cadera izquierda, la misma dolencia que lo mand\u00f3 a la lista de incapacitados en julio. Becket tuvo marca de 6-6, con 2.88 de efectividad en 20 salidas en 2014, incluyendo el no-hitter del 25 de mayo en Filadelfia.<\/p>\n<\/p>\n<p>Becket estuvo en la lista de lesionados por primera vez en marzo, por un golpe en el pulgar derecho.<\/p>\n<\/p>\n<p>El abridor anunci\u00f3 su decisi\u00f3n de retirarse en San Luis, despu\u00e9s que los Dodgers fueron eliminados en la serie de divisi\u00f3n de la Liga Nacional el martes por la noche, seg\u00fan report\u00f3 MLB.com.<\/p>\n<\/p>\n<p>Beckett se perdi\u00f3 buena parte de la temporada pasada tras ser operado para sacarle una costilla cerca del cuello por una condici\u00f3n de presi\u00f3n excesiva en la caja tor\u00e1cica.<\/p>\n<\/p>\n<p>Beckett se retira de las mayores con r\u00e9cord de 138-106, y 3.88 de efectividad. Gan\u00f3 la Serie Mundial en 2003 con los Marlins y en 2007 con los Medias Rojas.<\/p>\n<\/p>\n<p>El pitcher lleg\u00f3 a los Dodgers procedente de Boston en un canje en 2012, en el que Los Angeles tambi\u00e9n recibi\u00f3 al toletero mexicano Adri\u00e1n Gonz\u00e1lez, entre otros.<\/p>\n<\/p>\n<p>Beckett hubiese sido agente libre antes de la pr\u00f3xima temporada.  <\/p>\n<h6> 2014-10-09 13:24:31 <\/h6>\n<p><!--\n<link rel=\"stylesheet\" href=\"css\/bootstrap.min.css\">\n\n\n<ul class=\"pagination\">\n\t    \n\t\n\n<li >\n\t<a href='?page_no=16380'>Previous<\/a>\n\t<\/li>\n\n\n       \n    \n\n<li><a href='?page_no=1'>1<\/a><\/li>\n\n\n\n<li><a href='?page_no=2'>2<\/a><\/li>\n\n\n\n<li><a>...<\/a><\/li>\n\n\n\n<li><a href='?page_no=16379'>16379<\/a><\/li>\n\n\n\n<li><a href='?page_no=16380'>16380<\/a><\/li>\n\n\n\n<li class='active'><a>16381<\/a><\/li>\n\n\n\n<li><a href='?page_no=16382'>16382<\/a><\/li>\n\n\n\n<li><a href='?page_no=16383'>16383<\/a><\/li>\n\n\n\n<li><a>...<\/a><\/li>\n\n\n\n<li><a href='?page_no=36618'>36618<\/a><\/li>\n\n\n\n<li><a href='?page_no=36619'>36619<\/a><\/li>\n\n    \n\t\n\n<li >\n\t<a href='?page_no=16382'>Next<\/a>\n\t<\/li>\n\n\n    \n\n<li><a href='?page_no=36619'>Last &rsaquo;&rsaquo;<\/a><\/li>\n\n<\/ul>\n\n\n--><br \/>\n<\/body><\/p>\n","protected":false},"excerpt":{"rendered":"<p>Los Angeles 9 octubre.- El pitcher Josh Beckett, quien tiene que operarse por una lesi\u00f3n de la cadera que lo margin\u00f3 por la mayor\u00eda de los tres \u00faltimos meses de la temporada, anunci\u00f3 su retiro del b\u00e9isbol, para cerrar una carrera de 14 a\u00f1os en Grandes Ligas en los que gan\u00f3 dos t\u00edtulos de la [&hellip;]<\/p>\n","protected":false},"author":3,"featured_media":0,"comment_status":"open","ping_status":"open","sticky":false,"template":"","format":"standard","meta":{"footnotes":""},"categories":[17],"tags":[],"class_list":["post-199927","post","type-post","status-publish","format-standard","hentry","category-deportes"],"_links":{"self":[{"href":"https:\/\/diariodominicano.com\/index.php?rest_route=\/wp\/v2\/posts\/199927","targetHints":{"allow":["GET"]}}],"collection":[{"href":"https:\/\/diariodominicano.com\/index.php?rest_route=\/wp\/v2\/posts"}],"about":[{"href":"https:\/\/diariodominicano.com\/index.php?rest_route=\/wp\/v2\/types\/post"}],"author":[{"embeddable":true,"href":"https:\/\/diariodominicano.com\/index.php?rest_route=\/wp\/v2\/users\/3"}],"replies":[{"embeddable":true,"href":"https:\/\/diariodominicano.com\/index.php?rest_route=%2Fwp%2Fv2%2Fcomments&post=199927"}],"version-history":[{"count":0,"href":"https:\/\/diariodominicano.com\/index.php?rest_route=\/wp\/v2\/posts\/199927\/revisions"}],"wp:attachment":[{"href":"https:\/\/diariodominicano.com\/index.php?rest_route=%2Fwp%2Fv2%2Fmedia&parent=199927"}],"wp:term":[{"taxonomy":"category","embeddable":true,"href":"https:\/\/diariodominicano.com\/index.php?rest_route=%2Fwp%2Fv2%2Fcategories&post=199927"},{"taxonomy":"post_tag","embeddable":true,"href":"https:\/\/diariodominicano.com\/index.php?rest_route=%2Fwp%2Fv2%2Ftags&post=199927"}],"curies":[{"name":"wp","href":"https:\/\/api.w.org\/{rel}","templated":true}]}}