{"id":199921,"date":"2014-10-09T20:51:54","date_gmt":"2014-10-09T20:51:54","guid":{"rendered":"http:\/\/diariodominicano.ddns.net\/?p=199921"},"modified":"2014-10-09T20:51:54","modified_gmt":"2014-10-09T20:51:54","slug":"el-chico-domina-el-fisiculturismo-en-europa","status":"publish","type":"post","link":"https:\/\/diariodominicano.com\/?p=199921","title":{"rendered":"El Chico domina el fisiculturismo en Europa"},"content":{"rendered":"<p><body><\/p>\n<p><img decoding=\"async\" src=\"img3\/chico.jpg\" \/>  <\/p>\n<p><span class=\"text1noticias\">Santo Domingo, RD, 9 de Octubre.-El fisiculturista dominicano Juan Carlos del Carmen Santos, mejor conocido como el \u00abChico\u00bb esta en uno de sus mejores momentos, dominando y representando el pa\u00eds en escenarios extranjeros.<\/span><\/p>\n<\/p>\n<p><span class=\"text1noticias\">El dominicano resulto ganador del segundo y cuarto lugar en la competencia IFBB-Nederland-Enercup2014-  en la categor\u00eda m\u00e1ster y de los 90k, respectivamente, as\u00ed como dos reconocimientos y tres medallas como el m\u00e1s destacado de la competencia .<\/span><\/p>\n<\/p>\n<p><strong><span class=\"text1noticias\">El mejor 2012-2013<\/span><\/strong><\/p>\n<\/p>\n<p><span class=\"text1noticias\">El Chico fue premiado como campe\u00f3n m\u00e1ster en la temporada 2012-13 en la divisi\u00f3n de los m\u00e1s de 90 kilos, adem\u00e1s que termin\u00f3 ocupando los primeros lugares de todas las competencias celebradas esa temporada en Europa.(HG)<\/span>.<\/p>\n<\/p>\n<h6> 2014-10-09 20:51:54 <\/h6>\n<p><!--\n<link rel=\"stylesheet\" href=\"css\/bootstrap.min.css\">\n\n\n<ul class=\"pagination\">\n\t    \n\t\n\n<li >\n\t<a href='?page_no=16375'>Previous<\/a>\n\t<\/li>\n\n\n       \n    \n\n<li><a href='?page_no=1'>1<\/a><\/li>\n\n\n\n<li><a href='?page_no=2'>2<\/a><\/li>\n\n\n\n<li><a>...<\/a><\/li>\n\n\n\n<li><a href='?page_no=16374'>16374<\/a><\/li>\n\n\n\n<li><a href='?page_no=16375'>16375<\/a><\/li>\n\n\n\n<li class='active'><a>16376<\/a><\/li>\n\n\n\n<li><a href='?page_no=16377'>16377<\/a><\/li>\n\n\n\n<li><a href='?page_no=16378'>16378<\/a><\/li>\n\n\n\n<li><a>...<\/a><\/li>\n\n\n\n<li><a href='?page_no=36618'>36618<\/a><\/li>\n\n\n\n<li><a href='?page_no=36619'>36619<\/a><\/li>\n\n    \n\t\n\n<li >\n\t<a href='?page_no=16377'>Next<\/a>\n\t<\/li>\n\n\n    \n\n<li><a href='?page_no=36619'>Last &rsaquo;&rsaquo;<\/a><\/li>\n\n<\/ul>\n\n\n--><br \/>\n<\/body><\/p>\n","protected":false},"excerpt":{"rendered":"<p>Santo Domingo, RD, 9 de Octubre.-El fisiculturista dominicano Juan Carlos del Carmen Santos, mejor conocido como el \u00abChico\u00bb esta en uno de sus mejores momentos, dominando y representando el pa\u00eds en escenarios extranjeros. El dominicano resulto ganador del segundo y cuarto lugar en la competencia IFBB-Nederland-Enercup2014- en la categor\u00eda m\u00e1ster y de los 90k, respectivamente, [&hellip;]<\/p>\n","protected":false},"author":3,"featured_media":0,"comment_status":"open","ping_status":"open","sticky":false,"template":"","format":"standard","meta":{"footnotes":""},"categories":[17],"tags":[],"class_list":["post-199921","post","type-post","status-publish","format-standard","hentry","category-deportes"],"_links":{"self":[{"href":"https:\/\/diariodominicano.com\/index.php?rest_route=\/wp\/v2\/posts\/199921","targetHints":{"allow":["GET"]}}],"collection":[{"href":"https:\/\/diariodominicano.com\/index.php?rest_route=\/wp\/v2\/posts"}],"about":[{"href":"https:\/\/diariodominicano.com\/index.php?rest_route=\/wp\/v2\/types\/post"}],"author":[{"embeddable":true,"href":"https:\/\/diariodominicano.com\/index.php?rest_route=\/wp\/v2\/users\/3"}],"replies":[{"embeddable":true,"href":"https:\/\/diariodominicano.com\/index.php?rest_route=%2Fwp%2Fv2%2Fcomments&post=199921"}],"version-history":[{"count":0,"href":"https:\/\/diariodominicano.com\/index.php?rest_route=\/wp\/v2\/posts\/199921\/revisions"}],"wp:attachment":[{"href":"https:\/\/diariodominicano.com\/index.php?rest_route=%2Fwp%2Fv2%2Fmedia&parent=199921"}],"wp:term":[{"taxonomy":"category","embeddable":true,"href":"https:\/\/diariodominicano.com\/index.php?rest_route=%2Fwp%2Fv2%2Fcategories&post=199921"},{"taxonomy":"post_tag","embeddable":true,"href":"https:\/\/diariodominicano.com\/index.php?rest_route=%2Fwp%2Fv2%2Ftags&post=199921"}],"curies":[{"name":"wp","href":"https:\/\/api.w.org\/{rel}","templated":true}]}}