{"id":199920,"date":"2014-10-09T20:57:08","date_gmt":"2014-10-09T20:57:08","guid":{"rendered":"http:\/\/diariodominicano.ddns.net\/?p=199920"},"modified":"2014-10-09T20:57:08","modified_gmt":"2014-10-09T20:57:08","slug":"fedombal-da-inicio-campamentos-u-17","status":"publish","type":"post","link":"https:\/\/diariodominicano.com\/?p=199920","title":{"rendered":"Fedombal da inicio campamentos U-17"},"content":{"rendered":"<p><body><\/p>\n<p><img decoding=\"async\" src=\"http:\/\/localhost:8080\/img3\/Campamento.jpg\" \/>  <\/p>\n<p><span class=\"text1noticias\">Santo Domingo, RD, 9 de Octubre.-La Federaci\u00f3n Dominicana de Baloncesto (Fedombal) le dio inicio a los campamentos para jugadores y jugadoras de las categor\u00edas U-16 y U-17 con la finalidad de captar el mejor talento disponible del pa\u00eds.<\/span><\/p>\n<\/p>\n<p><span class=\"text1noticias\"> Rafael Uribe, presidente de Fedombal, inform\u00f3 que los campamentos \u00abtry-out\u00bb son para atletas de ambos g\u00e9neros que hayan nacidos en los a\u00f1os 1998 y 1999, de donde saldr\u00e1n los seleccionados para los competiciones internacionales del 2015.<\/span><\/p>\n<\/p>\n<p><span class=\"text1noticias\">\u00abDe este proyecto hemos sacado los equipos de categor\u00edas menores que han puesto en alto el baloncesto dominicano, como la medalla de oro lograda en el Centrobasket 2013 en Puerto Rico y la clasificaci\u00f3n al Mundial U-19 del 2015, que se obtuvo en el Premundial 2014 de Colorado Springs, en los Estados Unidos\u00bb, precis\u00f3 Rafael Uribe.<\/span><\/p>\n<\/p>\n<p><span class=\"text1noticias\">El try-out para observar y captar el mejor talento disponible de jugadores est\u00e1 coordinado por Jos\u00e9 -Ma\u00edta- Mercedes y Melvyn L\u00f3pez, encargados del Proyecto de Selecciones Nacionales de Fedombal.<\/span><\/p>\n<\/p>\n<p><span class=\"text1noticias\">Los primeros se realizaron el fin de semana pasado en el Palacio de los Deportes, los clubes Mauricio B\u00e1ez, de Villa Juana, y Los Mina, y el polideportivo de Las Caobas, para la Zona Metropolitana, donde junto a Ma\u00edta Mercedes estuvieron los t\u00e9cnicos Juan Pablo Brito y Juan Matos.<\/span><\/p>\n<\/p>\n<p><span class=\"text1noticias\">Para este fin de semana se realizar\u00e1n el s\u00e1bado 11 en la ciudad de Santiago, a partir de las 9:30 de la ma\u00f1ana, en  las instalaciones del club Gregorio Urbano Gilbert (GUG), a cargo de Melvyn L\u00f3pez, Jos\u00e9 Garc\u00eda (Calca\u00f1o) y David D\u00edaz.<\/span><\/p>\n<\/p>\n<p><span class=\"text1noticias\">Y el domingo, a las 9:30 de la ma\u00f1ana, se trasladar\u00e1n a la ciudad Ol\u00edmpica de La Vega,  en el Polideportivo Fernando Teruel.<\/span><\/p>\n<\/p>\n<p><span class=\"text1noticias\">Luego, el s\u00e1bado 18 para la regi\u00f3n Sur van a Barahona, el techado del Batey Central, y el 25 en Hig\u00fcey.<\/span><\/p>\n<p><span class=\"text1noticias\"> <\/span><\/p>\n<p><span class=\"text1noticias\"><strong>La frase<\/strong><\/span><\/p>\n<\/p>\n<p><span class=\"text1noticias\">De aqu\u00ed sacaremos los mejores equipos U-17 y U-16&#8243;, Jos\u00e9 -Ma\u00edta- Mercedes.(HG)<\/span>.<\/p>\n<h6> 2014-10-09 20:57:08 <\/h6>\n<p><!--\n<link rel=\"stylesheet\" href=\"css\/bootstrap.min.css\">\n\n\n<ul class=\"pagination\">\n\t    \n\t\n\n<li >\n\t<a href='?page_no=16374'>Previous<\/a>\n\t<\/li>\n\n\n       \n    \n\n<li><a href='?page_no=1'>1<\/a><\/li>\n\n\n\n<li><a href='?page_no=2'>2<\/a><\/li>\n\n\n\n<li><a>...<\/a><\/li>\n\n\n\n<li><a href='?page_no=16373'>16373<\/a><\/li>\n\n\n\n<li><a href='?page_no=16374'>16374<\/a><\/li>\n\n\n\n<li class='active'><a>16375<\/a><\/li>\n\n\n\n<li><a href='?page_no=16376'>16376<\/a><\/li>\n\n\n\n<li><a href='?page_no=16377'>16377<\/a><\/li>\n\n\n\n<li><a>...<\/a><\/li>\n\n\n\n<li><a href='?page_no=36618'>36618<\/a><\/li>\n\n\n\n<li><a href='?page_no=36619'>36619<\/a><\/li>\n\n    \n\t\n\n<li >\n\t<a href='?page_no=16376'>Next<\/a>\n\t<\/li>\n\n\n    \n\n<li><a href='?page_no=36619'>Last &rsaquo;&rsaquo;<\/a><\/li>\n\n<\/ul>\n\n\n--><br \/>\n<\/body><\/p>\n","protected":false},"excerpt":{"rendered":"<p>Santo Domingo, RD, 9 de Octubre.-La Federaci\u00f3n Dominicana de Baloncesto (Fedombal) le dio inicio a los campamentos para jugadores y jugadoras de las categor\u00edas U-16 y U-17 con la finalidad de captar el mejor talento disponible del pa\u00eds. Rafael Uribe, presidente de Fedombal, inform\u00f3 que los campamentos \u00abtry-out\u00bb son para atletas de ambos g\u00e9neros que [&hellip;]<\/p>\n","protected":false},"author":3,"featured_media":0,"comment_status":"open","ping_status":"open","sticky":false,"template":"","format":"standard","meta":{"footnotes":""},"categories":[17],"tags":[],"class_list":["post-199920","post","type-post","status-publish","format-standard","hentry","category-deportes"],"_links":{"self":[{"href":"https:\/\/diariodominicano.com\/index.php?rest_route=\/wp\/v2\/posts\/199920","targetHints":{"allow":["GET"]}}],"collection":[{"href":"https:\/\/diariodominicano.com\/index.php?rest_route=\/wp\/v2\/posts"}],"about":[{"href":"https:\/\/diariodominicano.com\/index.php?rest_route=\/wp\/v2\/types\/post"}],"author":[{"embeddable":true,"href":"https:\/\/diariodominicano.com\/index.php?rest_route=\/wp\/v2\/users\/3"}],"replies":[{"embeddable":true,"href":"https:\/\/diariodominicano.com\/index.php?rest_route=%2Fwp%2Fv2%2Fcomments&post=199920"}],"version-history":[{"count":0,"href":"https:\/\/diariodominicano.com\/index.php?rest_route=\/wp\/v2\/posts\/199920\/revisions"}],"wp:attachment":[{"href":"https:\/\/diariodominicano.com\/index.php?rest_route=%2Fwp%2Fv2%2Fmedia&parent=199920"}],"wp:term":[{"taxonomy":"category","embeddable":true,"href":"https:\/\/diariodominicano.com\/index.php?rest_route=%2Fwp%2Fv2%2Fcategories&post=199920"},{"taxonomy":"post_tag","embeddable":true,"href":"https:\/\/diariodominicano.com\/index.php?rest_route=%2Fwp%2Fv2%2Ftags&post=199920"}],"curies":[{"name":"wp","href":"https:\/\/api.w.org\/{rel}","templated":true}]}}