{"id":199901,"date":"2014-10-11T15:56:46","date_gmt":"2014-10-11T15:56:46","guid":{"rendered":"http:\/\/diariodominicano.ddns.net\/?p=199901"},"modified":"2014-10-11T15:56:46","modified_gmt":"2014-10-11T15:56:46","slug":"federer-se-impone-a-djokovic-y-jugara-la-final-ante-simon","status":"publish","type":"post","link":"https:\/\/diariodominicano.com\/?p=199901","title":{"rendered":"Federer se impone a Djokovic y jugar\u00e1 la final ante Simon"},"content":{"rendered":"<p><body><\/p>\n<p><img decoding=\"async\" src=\"img3\/fede 11.jpg\" \/>  <\/p>\n<p>Shangh\u00e1i (China), 11 octubre (EFE).- El tenista suizo Roger Federer, que el pr\u00f3ximo lunes ser\u00e1 el n\u00famero dos mundial, se impuso hoy al serbio Novak Djokovic, actual n\u00famero uno de la ATP, por un doble 6-4, en el duelo de titanes en el que se convirti\u00f3 la segunda semifinal del M\u00e1sters 1000 de Shangh\u00e1i.<\/p>\n<\/p>\n<p>Los siete puntos de saque del suizo (por cuatro de \u00abNole\u00bb), y su mayor eficacia en todos los servicios en general, le permitieron a Federer llevar la iniciativa durante casi todo el tiempo, en un encuentro trepidante que estuvo, con todo, muy igualado en la calidad del juego y con sabor a final, y que dur\u00f3 95 minutos.<\/p>\n<\/p>\n<p>Tras su victoria, Federer se enfrentar\u00e1 ma\u00f1ana en la final al franc\u00e9s Gilles Simon (actual n\u00famero 29 del mundo), que previamente derrot\u00f3 al espa\u00f1ol Feliciano L\u00f3pez (n.21), por 6-2 y 7-6 (1). <\/p>\n<\/p>\n<h6> 2014-10-11 15:56:46 <\/h6>\n<p><!--\n<link rel=\"stylesheet\" href=\"css\/bootstrap.min.css\">\n\n\n<ul class=\"pagination\">\n\t    \n\t\n\n<li >\n\t<a href='?page_no=16357'>Previous<\/a>\n\t<\/li>\n\n\n       \n    \n\n<li><a href='?page_no=1'>1<\/a><\/li>\n\n\n\n<li><a href='?page_no=2'>2<\/a><\/li>\n\n\n\n<li><a>...<\/a><\/li>\n\n\n\n<li><a href='?page_no=16356'>16356<\/a><\/li>\n\n\n\n<li><a href='?page_no=16357'>16357<\/a><\/li>\n\n\n\n<li class='active'><a>16358<\/a><\/li>\n\n\n\n<li><a href='?page_no=16359'>16359<\/a><\/li>\n\n\n\n<li><a href='?page_no=16360'>16360<\/a><\/li>\n\n\n\n<li><a>...<\/a><\/li>\n\n\n\n<li><a href='?page_no=36618'>36618<\/a><\/li>\n\n\n\n<li><a href='?page_no=36619'>36619<\/a><\/li>\n\n    \n\t\n\n<li >\n\t<a href='?page_no=16359'>Next<\/a>\n\t<\/li>\n\n\n    \n\n<li><a href='?page_no=36619'>Last &rsaquo;&rsaquo;<\/a><\/li>\n\n<\/ul>\n\n\n--><br \/>\n<\/body><\/p>\n","protected":false},"excerpt":{"rendered":"<p>Shangh\u00e1i (China), 11 octubre (EFE).- El tenista suizo Roger Federer, que el pr\u00f3ximo lunes ser\u00e1 el n\u00famero dos mundial, se impuso hoy al serbio Novak Djokovic, actual n\u00famero uno de la ATP, por un doble 6-4, en el duelo de titanes en el que se convirti\u00f3 la segunda semifinal del M\u00e1sters 1000 de Shangh\u00e1i. Los [&hellip;]<\/p>\n","protected":false},"author":3,"featured_media":0,"comment_status":"open","ping_status":"open","sticky":false,"template":"","format":"standard","meta":{"footnotes":""},"categories":[17],"tags":[],"class_list":["post-199901","post","type-post","status-publish","format-standard","hentry","category-deportes"],"_links":{"self":[{"href":"https:\/\/diariodominicano.com\/index.php?rest_route=\/wp\/v2\/posts\/199901","targetHints":{"allow":["GET"]}}],"collection":[{"href":"https:\/\/diariodominicano.com\/index.php?rest_route=\/wp\/v2\/posts"}],"about":[{"href":"https:\/\/diariodominicano.com\/index.php?rest_route=\/wp\/v2\/types\/post"}],"author":[{"embeddable":true,"href":"https:\/\/diariodominicano.com\/index.php?rest_route=\/wp\/v2\/users\/3"}],"replies":[{"embeddable":true,"href":"https:\/\/diariodominicano.com\/index.php?rest_route=%2Fwp%2Fv2%2Fcomments&post=199901"}],"version-history":[{"count":0,"href":"https:\/\/diariodominicano.com\/index.php?rest_route=\/wp\/v2\/posts\/199901\/revisions"}],"wp:attachment":[{"href":"https:\/\/diariodominicano.com\/index.php?rest_route=%2Fwp%2Fv2%2Fmedia&parent=199901"}],"wp:term":[{"taxonomy":"category","embeddable":true,"href":"https:\/\/diariodominicano.com\/index.php?rest_route=%2Fwp%2Fv2%2Fcategories&post=199901"},{"taxonomy":"post_tag","embeddable":true,"href":"https:\/\/diariodominicano.com\/index.php?rest_route=%2Fwp%2Fv2%2Ftags&post=199901"}],"curies":[{"name":"wp","href":"https:\/\/api.w.org\/{rel}","templated":true}]}}