{"id":199900,"date":"2014-10-11T16:19:05","date_gmt":"2014-10-11T16:19:05","guid":{"rendered":"http:\/\/diariodominicano.ddns.net\/?p=199900"},"modified":"2014-10-11T16:19:05","modified_gmt":"2014-10-11T16:19:05","slug":"rd-gana-bronce-en-copa-panamericana-de-voleibol-masculino-sub-23","status":"publish","type":"post","link":"https:\/\/diariodominicano.com\/?p=199900","title":{"rendered":"&#13;RD gana bronce en Copa Panamericana de Voleibol Masculino Sub 23"},"content":{"rendered":"<p><body><\/p>\n<p><img decoding=\"async\" src=\"img3\/masculino 11.jpg\" \/>  <\/p>\n<p>La Habana, Cuba 11 octubre.- Rep\u00fablica Dominicana asegur\u00f3 la medalla de bronce de la II Copa Panamericana masculina sub-23 de<\/p>\n<p>voleibol al derrotar a Guatemala en sets corridos (25-18, 25-20, 25-15).<\/p>\n<p>Por segundo d\u00eda consecutivo, los caribe\u00f1os superaron a los centroamericanos, esta vez en solo 53 minutos y en partido en el que los aventajaron en ataque (33-17) y bloqueo (13-4), aunque cometieron par de errores m\u00e1s que sus rivales (28-26), seg\u00fan public\u00f3 el portal del Comit\u00e9 Ol\u00edmpico Dominicano.<\/p>\n<\/p>\n<p>Los jugadores de esquina Luis Adames (15) y Henry L\u00f3pez (11) volvieron a liderar la ofensiva de Dominicana, que se marcha de la lid con cuatro juegos ganados y dos perdidos, en tanto Guatemala finaliz\u00f3 con promedio de 2-4 y con el central Brandon Chinchilla como su mejor anotador hoy con nueve.<\/p>\n<\/p>\n<p>El cubano Jos\u00e9 \u00c1lvarez Cuti\u00f1o, director t\u00e9cnico de Dominicana, destac\u00f3 que \u00abla organizaci\u00f3n del torneo fue buena y aunque todos los equipos no exhibieron el mismo nivel se observa que se est\u00e1 trabajando en nuestra \u00e1rea NORCECA y respecto a mi equipo, lastimosamente no pudo cumplir con la meta de clasificar al mundial, pero hoy sali\u00f3 a disfrutar del juego y ganamos\u00bb.<\/p>\n<\/p>\n<p>Su capit\u00e1n, el central Mario Fr\u00edas,  se lament\u00f3 de no alcanzar un boleto mundialista, \u00abpero al menos nos llevamos el bronce  y ahora debemos seguir prepar\u00e1ndonos con vistas a los Juegos Centroamericanos y del Caribe de Veracruz, en noviembre pr\u00f3ximo\u00bb.<\/p>\n<\/p>\n<p>Reider Lucas, tambi\u00e9n cubano y preparador de Guatemala,  manifest\u00f3 que \u00abhubi\u00e9ramos querido hacer m\u00e1s por la victoria, fue dif\u00edcil, nuestro rival es m\u00e1s s\u00f3lido y experimentado y mis muchachos en realidad hicieron lo que estuvo a su alcance\u00bb.<\/p>\n<\/p>\n<p>El pasador Gerardo Paz, capit\u00e1n del equipo centroamericano, dijo que \u00abno jugamos bien y se nos fue la medalla, pero estamos muy emocionados y felices por todo el esfuerzo que hicimos, y dispuestos a seguir para alante, ya que el pr\u00f3ximo a\u00f1o nos esperan otros compromisos\u00bb.<\/p>\n<h6> 2014-10-11 16:19:05 <\/h6>\n<p><!--\n<link rel=\"stylesheet\" href=\"css\/bootstrap.min.css\">\n\n\n<ul class=\"pagination\">\n\t    \n\t\n\n<li >\n\t<a href='?page_no=16356'>Previous<\/a>\n\t<\/li>\n\n\n       \n    \n\n<li><a href='?page_no=1'>1<\/a><\/li>\n\n\n\n<li><a href='?page_no=2'>2<\/a><\/li>\n\n\n\n<li><a>...<\/a><\/li>\n\n\n\n<li><a href='?page_no=16355'>16355<\/a><\/li>\n\n\n\n<li><a href='?page_no=16356'>16356<\/a><\/li>\n\n\n\n<li class='active'><a>16357<\/a><\/li>\n\n\n\n<li><a href='?page_no=16358'>16358<\/a><\/li>\n\n\n\n<li><a href='?page_no=16359'>16359<\/a><\/li>\n\n\n\n<li><a>...<\/a><\/li>\n\n\n\n<li><a href='?page_no=36618'>36618<\/a><\/li>\n\n\n\n<li><a href='?page_no=36619'>36619<\/a><\/li>\n\n    \n\t\n\n<li >\n\t<a href='?page_no=16358'>Next<\/a>\n\t<\/li>\n\n\n    \n\n<li><a href='?page_no=36619'>Last &rsaquo;&rsaquo;<\/a><\/li>\n\n<\/ul>\n\n\n--><br \/>\n<\/body><\/p>\n","protected":false},"excerpt":{"rendered":"<p>La Habana, Cuba 11 octubre.- Rep\u00fablica Dominicana asegur\u00f3 la medalla de bronce de la II Copa Panamericana masculina sub-23 de voleibol al derrotar a Guatemala en sets corridos (25-18, 25-20, 25-15). Por segundo d\u00eda consecutivo, los caribe\u00f1os superaron a los centroamericanos, esta vez en solo 53 minutos y en partido en el que los aventajaron [&hellip;]<\/p>\n","protected":false},"author":3,"featured_media":0,"comment_status":"open","ping_status":"open","sticky":false,"template":"","format":"standard","meta":{"footnotes":""},"categories":[17],"tags":[],"class_list":["post-199900","post","type-post","status-publish","format-standard","hentry","category-deportes"],"_links":{"self":[{"href":"https:\/\/diariodominicano.com\/index.php?rest_route=\/wp\/v2\/posts\/199900","targetHints":{"allow":["GET"]}}],"collection":[{"href":"https:\/\/diariodominicano.com\/index.php?rest_route=\/wp\/v2\/posts"}],"about":[{"href":"https:\/\/diariodominicano.com\/index.php?rest_route=\/wp\/v2\/types\/post"}],"author":[{"embeddable":true,"href":"https:\/\/diariodominicano.com\/index.php?rest_route=\/wp\/v2\/users\/3"}],"replies":[{"embeddable":true,"href":"https:\/\/diariodominicano.com\/index.php?rest_route=%2Fwp%2Fv2%2Fcomments&post=199900"}],"version-history":[{"count":0,"href":"https:\/\/diariodominicano.com\/index.php?rest_route=\/wp\/v2\/posts\/199900\/revisions"}],"wp:attachment":[{"href":"https:\/\/diariodominicano.com\/index.php?rest_route=%2Fwp%2Fv2%2Fmedia&parent=199900"}],"wp:term":[{"taxonomy":"category","embeddable":true,"href":"https:\/\/diariodominicano.com\/index.php?rest_route=%2Fwp%2Fv2%2Fcategories&post=199900"},{"taxonomy":"post_tag","embeddable":true,"href":"https:\/\/diariodominicano.com\/index.php?rest_route=%2Fwp%2Fv2%2Ftags&post=199900"}],"curies":[{"name":"wp","href":"https:\/\/api.w.org\/{rel}","templated":true}]}}