{"id":199897,"date":"2014-10-11T19:04:28","date_gmt":"2014-10-11T19:04:28","guid":{"rendered":"http:\/\/diariodominicano.ddns.net\/?p=199897"},"modified":"2014-10-11T19:04:28","modified_gmt":"2014-10-11T19:04:28","slug":"dominicana-campeon-u-13-latinoamericano-pre-infantil-de-tenis-de-mesa","status":"publish","type":"post","link":"https:\/\/diariodominicano.com\/?p=199897","title":{"rendered":"Dominicana campe\u00f3n U-13 latinoamericano pre-infantil de Tenis de Mesa"},"content":{"rendered":"<p><body><\/p>\n<p><img decoding=\"async\" src=\"http:\/\/localhost:8080\/img3\/DOMINICANA.jpg\" \/>  <\/p>\n<p><span class=\"text1noticias\">Santiago, RD, 11 de Octubre.-La representaci\u00f3n femenina de la Rep\u00fablica Dominicana en la categor\u00eda U-13 se proclam\u00f3 campeona este s\u00e1bado al imponerse 3-1, sobre el poderoso equipo de Ecuador en la gran final de esa categor\u00eda del IX Torneo Latinoamericano de Tenis de Mesa Pre-Infantil.<\/span><\/p>\n<\/p>\n<p><span class=\"text1noticias\">La campeona Latinoamericana Esmerlin Castro consigui\u00f3 el primer triunfo del equipo dominicano en la apertura de la gran final U-13 en la rama femenina al vencer 3-2 a la Ecuatoriana Milena Plaza (9-11, 11-8, 8-11, 11-7 y 13-11).<\/span><\/p>\n<\/p>\n<p><span class=\"text1noticias\">Nathaly Paredes de Ecuador por su lado en el individual derrot\u00f3 3-0 a la dominicana Idelsa B\u00e1ez (11-7, (11-6 y 11-3), mientras que en el doble mixto B\u00e1ez\/Castro se impusieron 3-0 sobre Plaza\/Paredes.<\/span><\/p>\n<p><span class=\"text1noticias\">Finalmente en el \u00faltimo partido individual Femenino la dominicana Castro obtuvo el triunfo 3-2 frente a Paredes de Ecuador (9-11, 15-13, 12-10, 8-11 y 13-11).<\/span><\/p>\n<\/p>\n<p><span class=\"text1noticias\">En la rama masculina de la misma categor\u00eda Brasil 2 se coron\u00f3 campe\u00f3n al vencer 3-2 a Brasil 1, mientras que la Rep\u00fablica Dominicana se quedo con el Bronce en esa rama.<\/span><\/p>\n<\/p>\n<p><span class=\"text1noticias\">Este evento es organizado por la Federaci\u00f3n Dominicana de Tenis de Mesa, que preside el licenciado e Inmortal del Deporte Dominicana Juan Vila Reynoso y el Comit\u00e9 Organizador, que dirige el destacado propulsor deportivo Ram\u00f3n Rodr\u00edguez (Monchy).<\/span><\/p>\n<\/p>\n<p><span class=\"text1noticias\">El evento continua en la categor\u00eda U-11, en las diferentes ramas, de manera individual y doble mixto por equipo.(HG)<\/span>.<\/p>\n<h6> 2014-10-11 19:04:28 <\/h6>\n<p><!--\n<link rel=\"stylesheet\" href=\"css\/bootstrap.min.css\">\n\n\n<ul class=\"pagination\">\n\t    \n\t\n\n<li >\n\t<a href='?page_no=16353'>Previous<\/a>\n\t<\/li>\n\n\n       \n    \n\n<li><a href='?page_no=1'>1<\/a><\/li>\n\n\n\n<li><a href='?page_no=2'>2<\/a><\/li>\n\n\n\n<li><a>...<\/a><\/li>\n\n\n\n<li><a href='?page_no=16352'>16352<\/a><\/li>\n\n\n\n<li><a href='?page_no=16353'>16353<\/a><\/li>\n\n\n\n<li class='active'><a>16354<\/a><\/li>\n\n\n\n<li><a href='?page_no=16355'>16355<\/a><\/li>\n\n\n\n<li><a href='?page_no=16356'>16356<\/a><\/li>\n\n\n\n<li><a>...<\/a><\/li>\n\n\n\n<li><a href='?page_no=36618'>36618<\/a><\/li>\n\n\n\n<li><a href='?page_no=36619'>36619<\/a><\/li>\n\n    \n\t\n\n<li >\n\t<a href='?page_no=16355'>Next<\/a>\n\t<\/li>\n\n\n    \n\n<li><a href='?page_no=36619'>Last &rsaquo;&rsaquo;<\/a><\/li>\n\n<\/ul>\n\n\n--><br \/>\n<\/body><\/p>\n","protected":false},"excerpt":{"rendered":"<p>Santiago, RD, 11 de Octubre.-La representaci\u00f3n femenina de la Rep\u00fablica Dominicana en la categor\u00eda U-13 se proclam\u00f3 campeona este s\u00e1bado al imponerse 3-1, sobre el poderoso equipo de Ecuador en la gran final de esa categor\u00eda del IX Torneo Latinoamericano de Tenis de Mesa Pre-Infantil. La campeona Latinoamericana Esmerlin Castro consigui\u00f3 el primer triunfo del [&hellip;]<\/p>\n","protected":false},"author":3,"featured_media":0,"comment_status":"open","ping_status":"open","sticky":false,"template":"","format":"standard","meta":{"footnotes":""},"categories":[17],"tags":[],"class_list":["post-199897","post","type-post","status-publish","format-standard","hentry","category-deportes"],"_links":{"self":[{"href":"https:\/\/diariodominicano.com\/index.php?rest_route=\/wp\/v2\/posts\/199897","targetHints":{"allow":["GET"]}}],"collection":[{"href":"https:\/\/diariodominicano.com\/index.php?rest_route=\/wp\/v2\/posts"}],"about":[{"href":"https:\/\/diariodominicano.com\/index.php?rest_route=\/wp\/v2\/types\/post"}],"author":[{"embeddable":true,"href":"https:\/\/diariodominicano.com\/index.php?rest_route=\/wp\/v2\/users\/3"}],"replies":[{"embeddable":true,"href":"https:\/\/diariodominicano.com\/index.php?rest_route=%2Fwp%2Fv2%2Fcomments&post=199897"}],"version-history":[{"count":0,"href":"https:\/\/diariodominicano.com\/index.php?rest_route=\/wp\/v2\/posts\/199897\/revisions"}],"wp:attachment":[{"href":"https:\/\/diariodominicano.com\/index.php?rest_route=%2Fwp%2Fv2%2Fmedia&parent=199897"}],"wp:term":[{"taxonomy":"category","embeddable":true,"href":"https:\/\/diariodominicano.com\/index.php?rest_route=%2Fwp%2Fv2%2Fcategories&post=199897"},{"taxonomy":"post_tag","embeddable":true,"href":"https:\/\/diariodominicano.com\/index.php?rest_route=%2Fwp%2Fv2%2Ftags&post=199897"}],"curies":[{"name":"wp","href":"https:\/\/api.w.org\/{rel}","templated":true}]}}