{"id":199884,"date":"2014-10-13T12:26:44","date_gmt":"2014-10-13T12:26:44","guid":{"rendered":"http:\/\/diariodominicano.ddns.net\/?p=199884"},"modified":"2014-10-13T12:26:44","modified_gmt":"2014-10-13T12:26:44","slug":"la-seleccion-dominicana-llego-la-madrugada-del-domingo-desde-italia-luego-de-gran-actuacion","status":"publish","type":"post","link":"https:\/\/diariodominicano.com\/?p=199884","title":{"rendered":"La selecci\u00f3n dominicana lleg\u00f3 la madrugada del domingo desde Italia, luego de gran actuaci\u00f3n"},"content":{"rendered":"<p><body><\/p>\n<p><img decoding=\"async\" src=\"img3\/llegan 13.jpeg\" \/><br \/><img decoding=\"async\" src=\"img3\/reina 13.jpeg\" \/>  <\/p>\n<p>SELECCI\u00d3N MUNDIALISTA<\/p>\n<p>Regresaron volibolistas luego de gran actuaci\u00f3n<\/p>\n<p>La selecci\u00f3n dominicana lleg\u00f3 la madrugada del domingo desde Italia<\/p>\n<\/p>\n<p>Luis\u00edn Mej\u00eda, Alexis Garc\u00eda y el inmortal Gioriver Arias, junto a las integrantes del equipo femenino de voleibol, muestran orgullosos la bandera nacional al recibirlas en la madrugada del domingo en el Aeropuerto Las Am\u00e9ricas. Figuran Wilson S\u00e1nchez y Yeivic Jim\u00e9nez.<\/p>\n<\/p>\n<p>Compartir este art\u00edculo<\/p>\n<\/p>\n<p>Santo Domingo<\/p>\n<p>El haber obtenido el quinto lugar en la Copa Mundial de Voleibol Femenino en Italia, el cuerpo t\u00e9cnico y las propias jugadoras atribuyen a la preparaci\u00f3n el resultado hist\u00f3rico de la Rep\u00fablica Dominicana en el certamen.<\/p>\n<\/p>\n<p>La selecci\u00f3n arrib\u00f3 la madrugada de este domingo al pa\u00eds, y de inmediato se\u00f1alaron que continuar\u00e1n trabajando para reeditar la medalla oro en los Juegos Centroamericanos y del Caribe que se celebrar\u00e1n el pr\u00f3ximo mes en Veracruz, M\u00e9xico.<\/p>\n<\/p>\n<p>\u00abS\u00faper felices, nos preparamos s\u00faper bien para este torneo (la copa del mundo) y dimos lo mejor. Gracias por el apoyo que todos nos dieron, lo sentimos all\u00e1\u00bb, sostuvo Bethania de la Cruz, quien agreg\u00f3: \u00abTodav\u00eda nos quedan los Juegos Centroamericanos en Veracruz y seguimos trabajando para ese torneo\u00bb.<\/p>\n<\/p>\n<p>Bienvenida <\/p>\n<p>El recibimiento estuvo encabezo por Luis Mej\u00eda, presidente del Comit\u00e9 Ol\u00edmpico Dominicano; Alexis Garc\u00eda y Nelson Ram\u00edrez, directivos de la Federaci\u00f3n de Voleibol, adem\u00e1s de amigos y familiares de las jugadoras.<\/p>\n<\/p>\n<p>Aunque confes\u00f3 que le hubiese gustado haber llegado un poco m\u00e1s lejos, el entrenador Marcos Kwiek dijo que en la Copa del Mundo en Italia las cosas salieron bien y que se siente contento con el trabajo y el resultado.<\/p>\n<\/p>\n<p>\u00abEl plan de trabajo del a\u00f1o estuvo dirigido para esta copa del mundo y para los Centroamericanos. Estamos trabajando para reeditar la medalla de oro en Veracruz, no vamos a tener descanso, el trabajo sigue porque ya sab\u00edamos de esa competencia y es la meta que tenemos, de traer esa medalla, y para eso vamos a luchar\u00bb, agreg\u00f3.<\/p>\n<\/p>\n<p>El brasile\u00f1o descart\u00f3 que en ese torneo haya acontecido alg\u00fan tipo de sorpresa, y explic\u00f3 que los resulta dos son producto del trabajo.. \u00abCreo que en esta copa del mundo nos preparamos bien, y trabajamos para ese resultado, y los que llegaron, son los que se fajaron para eso\u00bb, manifest\u00f3 Kwiek.<\/p>\n<\/p>\n<p>El seleccionado quisqueyano de voleibol femenino buscar\u00e1 hacer historia en los Centroamericanos de Veracruz al tratar de ganar su cuarta medalla de oro en forma seguida en este tipo de evento.<\/p>\n<\/p>\n<p>Las palabras de bienvenida a las \u00abreinas del Caribe\u00bb estuvieron a cargo de Luis Mej\u00eda, presidente del Comit\u00e9 Ol\u00edmpico Dominicano, quien dio un mensaje de felicitaci\u00f3n por el resultado, al tiempo de hacerles saber el respaldo y seguimiento que dispens\u00f3 el pueblo dominicano a los partidos a trav\u00e9s de las redes sociales.<\/p>\n<\/p>\n<p>Encuentro <\/p>\n<p>El presidente de la Federaci\u00f3n Dominicana de Voleibol (Fedovoli), Alexis Garc\u00eda, inform\u00f3 que este lunes, a las 7:00 de la noche, habr\u00e1 un acto festejo de bienvenida en el Pabell\u00f3n de Voleibol en el Centro Ol\u00edmpico.<\/p>\n<\/p>\n<p>Garc\u00eda se\u00f1al\u00f3 que la actuaci\u00f3n de las muchachass del voleibol superior en la Copa del Mundo en Italia es hist\u00f3rica y que merece un reconocimiento con el pueblo dominicano.<\/p>\n<\/p>\n<p>El dirigente federado explic\u00f3 que la actividad tiene como finalidad reunir a la familia del voleibol, dirigentes deportivos y funcionarios, as\u00ed como a los seguidores de las actuaciones del equipo femenino superior, que sigue dando brillo en eventos internacionales a la Rep\u00fablica Dominicana.<\/p>\n<\/p>\n<h6> 2014-10-13 12:26:44 <\/h6>\n<p><!--\n<link rel=\"stylesheet\" href=\"css\/bootstrap.min.css\">\n\n\n<ul class=\"pagination\">\n\t    \n\t\n\n<li >\n\t<a href='?page_no=16341'>Previous<\/a>\n\t<\/li>\n\n\n       \n    \n\n<li><a href='?page_no=1'>1<\/a><\/li>\n\n\n\n<li><a href='?page_no=2'>2<\/a><\/li>\n\n\n\n<li><a>...<\/a><\/li>\n\n\n\n<li><a href='?page_no=16340'>16340<\/a><\/li>\n\n\n\n<li><a href='?page_no=16341'>16341<\/a><\/li>\n\n\n\n<li class='active'><a>16342<\/a><\/li>\n\n\n\n<li><a href='?page_no=16343'>16343<\/a><\/li>\n\n\n\n<li><a href='?page_no=16344'>16344<\/a><\/li>\n\n\n\n<li><a>...<\/a><\/li>\n\n\n\n<li><a href='?page_no=36618'>36618<\/a><\/li>\n\n\n\n<li><a href='?page_no=36619'>36619<\/a><\/li>\n\n    \n\t\n\n<li >\n\t<a href='?page_no=16343'>Next<\/a>\n\t<\/li>\n\n\n    \n\n<li><a href='?page_no=36619'>Last &rsaquo;&rsaquo;<\/a><\/li>\n\n<\/ul>\n\n\n--><br \/>\n<\/body><\/p>\n","protected":false},"excerpt":{"rendered":"<p>SELECCI\u00d3N MUNDIALISTA Regresaron volibolistas luego de gran actuaci\u00f3n La selecci\u00f3n dominicana lleg\u00f3 la madrugada del domingo desde Italia Luis\u00edn Mej\u00eda, Alexis Garc\u00eda y el inmortal Gioriver Arias, junto a las integrantes del equipo femenino de voleibol, muestran orgullosos la bandera nacional al recibirlas en la madrugada del domingo en el Aeropuerto Las Am\u00e9ricas. Figuran Wilson [&hellip;]<\/p>\n","protected":false},"author":3,"featured_media":0,"comment_status":"open","ping_status":"open","sticky":false,"template":"","format":"standard","meta":{"footnotes":""},"categories":[17],"tags":[],"class_list":["post-199884","post","type-post","status-publish","format-standard","hentry","category-deportes"],"_links":{"self":[{"href":"https:\/\/diariodominicano.com\/index.php?rest_route=\/wp\/v2\/posts\/199884","targetHints":{"allow":["GET"]}}],"collection":[{"href":"https:\/\/diariodominicano.com\/index.php?rest_route=\/wp\/v2\/posts"}],"about":[{"href":"https:\/\/diariodominicano.com\/index.php?rest_route=\/wp\/v2\/types\/post"}],"author":[{"embeddable":true,"href":"https:\/\/diariodominicano.com\/index.php?rest_route=\/wp\/v2\/users\/3"}],"replies":[{"embeddable":true,"href":"https:\/\/diariodominicano.com\/index.php?rest_route=%2Fwp%2Fv2%2Fcomments&post=199884"}],"version-history":[{"count":0,"href":"https:\/\/diariodominicano.com\/index.php?rest_route=\/wp\/v2\/posts\/199884\/revisions"}],"wp:attachment":[{"href":"https:\/\/diariodominicano.com\/index.php?rest_route=%2Fwp%2Fv2%2Fmedia&parent=199884"}],"wp:term":[{"taxonomy":"category","embeddable":true,"href":"https:\/\/diariodominicano.com\/index.php?rest_route=%2Fwp%2Fv2%2Fcategories&post=199884"},{"taxonomy":"post_tag","embeddable":true,"href":"https:\/\/diariodominicano.com\/index.php?rest_route=%2Fwp%2Fv2%2Ftags&post=199884"}],"curies":[{"name":"wp","href":"https:\/\/api.w.org\/{rel}","templated":true}]}}