{"id":199883,"date":"2014-10-13T12:32:21","date_gmt":"2014-10-13T12:32:21","guid":{"rendered":"http:\/\/diariodominicano.ddns.net\/?p=199883"},"modified":"2014-10-13T12:32:21","modified_gmt":"2014-10-13T12:32:21","slug":"kevin-durant-sufre-una-fractura-en-pie-y-perdera-un-mes-podria-perderse-el-primer-mes-de-la-campana","status":"publish","type":"post","link":"https:\/\/diariodominicano.com\/?p=199883","title":{"rendered":"Kevin Durant sufre una fractura en pie y perder\u00e1 un mes;  podr\u00eda perderse el primer mes de la campa\u00f1a."},"content":{"rendered":"<p><body><\/p>\n<p><img decoding=\"async\" src=\"img3\/thunder 13.jpeg\" \/>  <\/p>\n<p>LESI\u00d3N<\/p>\n<p>Kevin Durant sufre una fractura en pie y perder\u00e1 un mes;  podr\u00eda perderse el primer mes de la campa\u00f1a.<\/p>\n<\/p>\n<p>Oklahoma City<\/p>\n<p>Kevin Durant se fractur\u00f3 un pie y el vigente Jugador M\u00e1s Valioso de la NBA podr\u00eda perderse el primer mes de la temporada regular. El Thunder de Oklahoma City se\u00f1al\u00f3 ayer domingo que el jugador les inform\u00f3 que sent\u00eda una molestia en el pie derecho despu\u00e9s de una pr\u00e1ctica.<\/p>\n<\/p>\n<p>Durante fue sometido a una serie de ex\u00e1menes y el equipo dijo que le diagnosticaron una fractura \u00abJones\u00bb, fractura de hueso en la base del dedo peque\u00f1o. No est\u00e1 claro c\u00f3mo se lesion\u00f3.<\/p>\n<\/p>\n<p>El gerente del Thunder, Sam Presti, dijo que el tratamiento tradicional exige una operaci\u00f3n quir\u00fargica, y recientes casos de la NBA tardaron de seis a ocho semanas en volver a jugar.<\/p>\n<\/p>\n<p>\u00abHemos tenidos suerte de haber diagnosticado esto ahora\u00bb, se\u00f1al\u00f3 Presti en una rueda de prensa. \u00abHemos sido muy afortunados de que Kevin nos notific\u00f3 ayer y estamos tratando de ser diligentes ahora antes que esto hubiese sido algo m\u00e1s grave\u00bb.<\/p>\n<\/p>\n<p>El Thunder comienza su temporada el 29 de octubre en Portland. Una ausencia de seis semanas podr\u00eda marginarlo hasta comienzos de diciembre, lo que le permitir\u00eda jugar un total de unos 65 partidos.<\/p>\n<\/p>\n<h6> 2014-10-13 12:32:21 <\/h6>\n<p><!--\n<link rel=\"stylesheet\" href=\"css\/bootstrap.min.css\">\n\n\n<ul class=\"pagination\">\n\t    \n\t\n\n<li >\n\t<a href='?page_no=16340'>Previous<\/a>\n\t<\/li>\n\n\n       \n    \n\n<li><a href='?page_no=1'>1<\/a><\/li>\n\n\n\n<li><a href='?page_no=2'>2<\/a><\/li>\n\n\n\n<li><a>...<\/a><\/li>\n\n\n\n<li><a href='?page_no=16339'>16339<\/a><\/li>\n\n\n\n<li><a href='?page_no=16340'>16340<\/a><\/li>\n\n\n\n<li class='active'><a>16341<\/a><\/li>\n\n\n\n<li><a href='?page_no=16342'>16342<\/a><\/li>\n\n\n\n<li><a href='?page_no=16343'>16343<\/a><\/li>\n\n\n\n<li><a>...<\/a><\/li>\n\n\n\n<li><a href='?page_no=36618'>36618<\/a><\/li>\n\n\n\n<li><a href='?page_no=36619'>36619<\/a><\/li>\n\n    \n\t\n\n<li >\n\t<a href='?page_no=16342'>Next<\/a>\n\t<\/li>\n\n\n    \n\n<li><a href='?page_no=36619'>Last &rsaquo;&rsaquo;<\/a><\/li>\n\n<\/ul>\n\n\n--><br \/>\n<\/body><\/p>\n","protected":false},"excerpt":{"rendered":"<p>LESI\u00d3N Kevin Durant sufre una fractura en pie y perder\u00e1 un mes; podr\u00eda perderse el primer mes de la campa\u00f1a. Oklahoma City Kevin Durant se fractur\u00f3 un pie y el vigente Jugador M\u00e1s Valioso de la NBA podr\u00eda perderse el primer mes de la temporada regular. El Thunder de Oklahoma City se\u00f1al\u00f3 ayer domingo que [&hellip;]<\/p>\n","protected":false},"author":3,"featured_media":0,"comment_status":"open","ping_status":"open","sticky":false,"template":"","format":"standard","meta":{"footnotes":""},"categories":[17],"tags":[],"class_list":["post-199883","post","type-post","status-publish","format-standard","hentry","category-deportes"],"_links":{"self":[{"href":"https:\/\/diariodominicano.com\/index.php?rest_route=\/wp\/v2\/posts\/199883","targetHints":{"allow":["GET"]}}],"collection":[{"href":"https:\/\/diariodominicano.com\/index.php?rest_route=\/wp\/v2\/posts"}],"about":[{"href":"https:\/\/diariodominicano.com\/index.php?rest_route=\/wp\/v2\/types\/post"}],"author":[{"embeddable":true,"href":"https:\/\/diariodominicano.com\/index.php?rest_route=\/wp\/v2\/users\/3"}],"replies":[{"embeddable":true,"href":"https:\/\/diariodominicano.com\/index.php?rest_route=%2Fwp%2Fv2%2Fcomments&post=199883"}],"version-history":[{"count":0,"href":"https:\/\/diariodominicano.com\/index.php?rest_route=\/wp\/v2\/posts\/199883\/revisions"}],"wp:attachment":[{"href":"https:\/\/diariodominicano.com\/index.php?rest_route=%2Fwp%2Fv2%2Fmedia&parent=199883"}],"wp:term":[{"taxonomy":"category","embeddable":true,"href":"https:\/\/diariodominicano.com\/index.php?rest_route=%2Fwp%2Fv2%2Fcategories&post=199883"},{"taxonomy":"post_tag","embeddable":true,"href":"https:\/\/diariodominicano.com\/index.php?rest_route=%2Fwp%2Fv2%2Ftags&post=199883"}],"curies":[{"name":"wp","href":"https:\/\/api.w.org\/{rel}","templated":true}]}}