{"id":199876,"date":"2014-10-14T12:59:13","date_gmt":"2014-10-14T12:59:13","guid":{"rendered":"http:\/\/diariodominicano.ddns.net\/?p=199876"},"modified":"2014-10-14T12:59:13","modified_gmt":"2014-10-14T12:59:13","slug":"federacion-anuncia-ix-torneo-nacional-de-esgrima-en-el-centro-olimpico-juan-pablo-duarte","status":"publish","type":"post","link":"https:\/\/diariodominicano.com\/?p=199876","title":{"rendered":"&#13;Federaci\u00f3n anuncia IX Torneo Nacional de Esgrima en el Centro Ol\u00edmpico Juan Pablo Duarte."},"content":{"rendered":"<p><body><\/p>\n<p><img decoding=\"async\" src=\"img3\/esgrima 14.jpeg\" \/>  <\/p>\n<p>Santo Domingo RD 14 octubre.- La Federaci\u00f3n Dominicana de Esgrima celebrar\u00e1 este fin de semana su \u00abIX Torneo Nacional de Esgrima de Mayores\u00bb, con la participaci\u00f3n de atletas de 10 provincias, teniendo como escenario el Pabell\u00f3n de Esgrima en el Centro Ol\u00edmpico Juan Pablo Duarte. <\/p>\n<\/p>\n<p>Al dar a conocer la informaci\u00f3n, el presidente de la Federaci\u00f3n de Esgrima, Junior Arias Noboa, declar\u00f3 que el evento tendr\u00e1 una especial dedicatoria al Grupo Creando Sue\u00f1os Ol\u00edmpicos (CRESO) que tan importante obra viene realizando en favor del deporte y la juventud.Asimismo, Arias Noboa dijo que el certamen contar\u00e1 con el apoyo del Ministerio de Deportes. Dijo que todo el personal t\u00e9cnico, de entrenadores, de apoyo y los miembros del Ejecutivo estar\u00e1n participando en el mismo.<\/p>\n<\/p>\n<p>Al conversar con la prensa deportiva, el presidente de la Federaci\u00f3n de Esgrima inform\u00f3 que existe un gran entusiasmo entre todos los atletas, entrenadores y dirigentes que tomar\u00e1n parte en la contienda. \u00abVamos a competir en las tres modalidades de sabe, florete y espada\u00bb, precis\u00f3 el dirigente federado.<\/p>\n<\/p>\n<p><strong>Un atractivo<\/strong><\/p>\n<p>Arias Noboa explic\u00f3 que este IX Campeonato Nacional de Mayores tendr\u00e1 este a\u00f1o el atractivo que ser\u00e1 clasificatorio interno para escoger los atletas que representar\u00e1n el pa\u00eds en los venideros Juegos Centroamericanos y del Caribe que se montar\u00e1n en Veracruz, M\u00e9xico del 15 al 29 de noviembre de este a\u00f1o<\/p>\n<h6> 2014-10-14 12:59:13 <\/h6>\n<p><!--\n<link rel=\"stylesheet\" href=\"css\/bootstrap.min.css\">\n\n\n<ul class=\"pagination\">\n\t    \n\t\n\n<li >\n\t<a href='?page_no=16334'>Previous<\/a>\n\t<\/li>\n\n\n       \n    \n\n<li><a href='?page_no=1'>1<\/a><\/li>\n\n\n\n<li><a href='?page_no=2'>2<\/a><\/li>\n\n\n\n<li><a>...<\/a><\/li>\n\n\n\n<li><a href='?page_no=16333'>16333<\/a><\/li>\n\n\n\n<li><a href='?page_no=16334'>16334<\/a><\/li>\n\n\n\n<li class='active'><a>16335<\/a><\/li>\n\n\n\n<li><a href='?page_no=16336'>16336<\/a><\/li>\n\n\n\n<li><a href='?page_no=16337'>16337<\/a><\/li>\n\n\n\n<li><a>...<\/a><\/li>\n\n\n\n<li><a href='?page_no=36618'>36618<\/a><\/li>\n\n\n\n<li><a href='?page_no=36619'>36619<\/a><\/li>\n\n    \n\t\n\n<li >\n\t<a href='?page_no=16336'>Next<\/a>\n\t<\/li>\n\n\n    \n\n<li><a href='?page_no=36619'>Last &rsaquo;&rsaquo;<\/a><\/li>\n\n<\/ul>\n\n\n--><br \/>\n<\/body><\/p>\n","protected":false},"excerpt":{"rendered":"<p>Santo Domingo RD 14 octubre.- La Federaci\u00f3n Dominicana de Esgrima celebrar\u00e1 este fin de semana su \u00abIX Torneo Nacional de Esgrima de Mayores\u00bb, con la participaci\u00f3n de atletas de 10 provincias, teniendo como escenario el Pabell\u00f3n de Esgrima en el Centro Ol\u00edmpico Juan Pablo Duarte. Al dar a conocer la informaci\u00f3n, el presidente de la [&hellip;]<\/p>\n","protected":false},"author":3,"featured_media":0,"comment_status":"open","ping_status":"open","sticky":false,"template":"","format":"standard","meta":{"footnotes":""},"categories":[17],"tags":[],"class_list":["post-199876","post","type-post","status-publish","format-standard","hentry","category-deportes"],"_links":{"self":[{"href":"https:\/\/diariodominicano.com\/index.php?rest_route=\/wp\/v2\/posts\/199876","targetHints":{"allow":["GET"]}}],"collection":[{"href":"https:\/\/diariodominicano.com\/index.php?rest_route=\/wp\/v2\/posts"}],"about":[{"href":"https:\/\/diariodominicano.com\/index.php?rest_route=\/wp\/v2\/types\/post"}],"author":[{"embeddable":true,"href":"https:\/\/diariodominicano.com\/index.php?rest_route=\/wp\/v2\/users\/3"}],"replies":[{"embeddable":true,"href":"https:\/\/diariodominicano.com\/index.php?rest_route=%2Fwp%2Fv2%2Fcomments&post=199876"}],"version-history":[{"count":0,"href":"https:\/\/diariodominicano.com\/index.php?rest_route=\/wp\/v2\/posts\/199876\/revisions"}],"wp:attachment":[{"href":"https:\/\/diariodominicano.com\/index.php?rest_route=%2Fwp%2Fv2%2Fmedia&parent=199876"}],"wp:term":[{"taxonomy":"category","embeddable":true,"href":"https:\/\/diariodominicano.com\/index.php?rest_route=%2Fwp%2Fv2%2Fcategories&post=199876"},{"taxonomy":"post_tag","embeddable":true,"href":"https:\/\/diariodominicano.com\/index.php?rest_route=%2Fwp%2Fv2%2Ftags&post=199876"}],"curies":[{"name":"wp","href":"https:\/\/api.w.org\/{rel}","templated":true}]}}