{"id":199863,"date":"2014-10-15T15:45:12","date_gmt":"2014-10-15T15:45:12","guid":{"rendered":"http:\/\/diariodominicano.ddns.net\/?p=199863"},"modified":"2014-10-15T15:45:12","modified_gmt":"2014-10-15T15:45:12","slug":"escogido-se-reune-este-viernes-con-alex-rodriguez-equipo-trata-de-convencerlo-para-quejuegue-con-ellos","status":"publish","type":"post","link":"https:\/\/diariodominicano.com\/?p=199863","title":{"rendered":"&#13;Escogido se re\u00fane este viernes con Alex Rodr\u00edguez; equipo trata de convencerlo para quejuegue con ellos"},"content":{"rendered":"<p><body><\/p>\n<p><img decoding=\"async\" src=\"img3\/alex 15.jpg\" \/>  <\/p>\n<p>Santo Domingo RD 15 octubre.- Jos\u00e9 Miguel Bonetti Dubreil, vicepresidente ejecutivo de los Leones del Escogido, tiene previsto un encuentro este viernes en la ciudad de Miami con Alex Rodr\u00edguez, donde tratar\u00e1 de convencerlo para que accione en el venidero torneo invernal con la escuadra roja.<\/p>\n<\/p>\n<p>\u00abNo perdemos nada con intentar que Alex juegue\u00bb, dijo Bonetti Dubreil a elCaribe. \u00abNo hay nada seguro, pero espero verlo el viernes en Miami y ah\u00ed le plantear\u00e9 sobre la idea de que juegue con nosotros\u00bb, agreg\u00f3.<\/p>\n<\/p>\n<p>En d\u00edas recientes, el gerente de los Yankees, Brian Cashman, descart\u00f3 que Rodr\u00edguez accione en la pelota invernal.  <\/p>\n<\/p>\n<p>\u00abHabl\u00e9 con Alex hace 10 d\u00edas sobre cu\u00e1l ser\u00eda la mejor manera de preparaci\u00f3n para regresar el pr\u00f3ximo a\u00f1o y saber si jugar en pelota invernal era algo que le interesar\u00eda hacer\u00bb, dijo Cashman en Fenway Park antes del segundo partido de la \u00faltima serie del a\u00f1o para Nueva York y los Medias Rojas de Boston, en declaraciones a ESPNdeportes.com<\/p>\n<\/p>\n<p>\u00ab\u00c9l podr\u00eda jugar pelota invernal pero no va a jugar. Si hay especulaci\u00f3n de que va a jugar en pelota invernal, eso es incorrecto. Era importante para m\u00ed saber si era algo que le interesaba hacer [por cuesti\u00f3n de los seguros] y me dijo que definitivamente no\u00bb, dijo Cashman.<\/p>\n<\/p>\n<p>\u00abSi \u00e9l hubiese expresado inter\u00e9s, que ahora s\u00e9 que no, no estoy seguro que le hubi\u00e9semos permitido jugar por cuesti\u00f3n del tema de los seguros que giran en torno a un pelotero de un contrato de tanto dinero en pelota invernal y si ser\u00eda cubierto por los seguros o no, pero no tuve que trabajar en eso. Le pregunt\u00e9 directamente si la pelota invernal es una v\u00eda que deseas explorar y me dijo que no\u00bb, reiter\u00f3 el gerente general de los Yankees.<\/p>\n<\/p>\n<p>\u00abEl tema del seguro es algo que se maneja en lo adelante. Lo principal para nosotros es plantearle lo beneficioso que ser\u00eda para \u00e9l jugar en el invierno con el Escogido. Se habla de que podr\u00eda estar en la primera  y eso debe trabajarlo, como tambi\u00e9n el hecho de que al tener un a\u00f1o sin jugar, es bueno que vea cierta acci\u00f3n antes del entrenamiento (primaveral)\u00bb, dijo Bonetti Dubreil.<\/p>\n<\/p>\n<p>Rodr\u00edguez no particip\u00f3 en la pasada campa\u00f1a de Grandes Ligas debido a una severa suspensi\u00f3n por esteroides.<\/p>\n<\/p>\n<h6> 2014-10-15 15:45:12 <\/h6>\n<p><!--\n<link rel=\"stylesheet\" href=\"css\/bootstrap.min.css\">\n\n\n<ul class=\"pagination\">\n\t    \n\t\n\n<li >\n\t<a href='?page_no=16322'>Previous<\/a>\n\t<\/li>\n\n\n       \n    \n\n<li><a href='?page_no=1'>1<\/a><\/li>\n\n\n\n<li><a href='?page_no=2'>2<\/a><\/li>\n\n\n\n<li><a>...<\/a><\/li>\n\n\n\n<li><a href='?page_no=16321'>16321<\/a><\/li>\n\n\n\n<li><a href='?page_no=16322'>16322<\/a><\/li>\n\n\n\n<li class='active'><a>16323<\/a><\/li>\n\n\n\n<li><a href='?page_no=16324'>16324<\/a><\/li>\n\n\n\n<li><a href='?page_no=16325'>16325<\/a><\/li>\n\n\n\n<li><a>...<\/a><\/li>\n\n\n\n<li><a href='?page_no=36618'>36618<\/a><\/li>\n\n\n\n<li><a href='?page_no=36619'>36619<\/a><\/li>\n\n    \n\t\n\n<li >\n\t<a href='?page_no=16324'>Next<\/a>\n\t<\/li>\n\n\n    \n\n<li><a href='?page_no=36619'>Last &rsaquo;&rsaquo;<\/a><\/li>\n\n<\/ul>\n\n\n--><br \/>\n<\/body><\/p>\n","protected":false},"excerpt":{"rendered":"<p>Santo Domingo RD 15 octubre.- Jos\u00e9 Miguel Bonetti Dubreil, vicepresidente ejecutivo de los Leones del Escogido, tiene previsto un encuentro este viernes en la ciudad de Miami con Alex Rodr\u00edguez, donde tratar\u00e1 de convencerlo para que accione en el venidero torneo invernal con la escuadra roja. \u00abNo perdemos nada con intentar que Alex juegue\u00bb, dijo [&hellip;]<\/p>\n","protected":false},"author":3,"featured_media":0,"comment_status":"open","ping_status":"open","sticky":false,"template":"","format":"standard","meta":{"footnotes":""},"categories":[17],"tags":[],"class_list":["post-199863","post","type-post","status-publish","format-standard","hentry","category-deportes"],"_links":{"self":[{"href":"https:\/\/diariodominicano.com\/index.php?rest_route=\/wp\/v2\/posts\/199863","targetHints":{"allow":["GET"]}}],"collection":[{"href":"https:\/\/diariodominicano.com\/index.php?rest_route=\/wp\/v2\/posts"}],"about":[{"href":"https:\/\/diariodominicano.com\/index.php?rest_route=\/wp\/v2\/types\/post"}],"author":[{"embeddable":true,"href":"https:\/\/diariodominicano.com\/index.php?rest_route=\/wp\/v2\/users\/3"}],"replies":[{"embeddable":true,"href":"https:\/\/diariodominicano.com\/index.php?rest_route=%2Fwp%2Fv2%2Fcomments&post=199863"}],"version-history":[{"count":0,"href":"https:\/\/diariodominicano.com\/index.php?rest_route=\/wp\/v2\/posts\/199863\/revisions"}],"wp:attachment":[{"href":"https:\/\/diariodominicano.com\/index.php?rest_route=%2Fwp%2Fv2%2Fmedia&parent=199863"}],"wp:term":[{"taxonomy":"category","embeddable":true,"href":"https:\/\/diariodominicano.com\/index.php?rest_route=%2Fwp%2Fv2%2Fcategories&post=199863"},{"taxonomy":"post_tag","embeddable":true,"href":"https:\/\/diariodominicano.com\/index.php?rest_route=%2Fwp%2Fv2%2Ftags&post=199863"}],"curies":[{"name":"wp","href":"https:\/\/api.w.org\/{rel}","templated":true}]}}