{"id":199861,"date":"2014-10-15T18:19:16","date_gmt":"2014-10-15T18:19:16","guid":{"rendered":"http:\/\/diariodominicano.ddns.net\/?p=199861"},"modified":"2014-10-15T18:19:16","modified_gmt":"2014-10-15T18:19:16","slug":"con-apoyo-de-oficina-senatorial-anuncian-ix-motocross-en-monte-plata","status":"publish","type":"post","link":"https:\/\/diariodominicano.com\/?p=199861","title":{"rendered":"Con apoyo de oficina senatorial: Anuncian IX motocross en Monte Plata"},"content":{"rendered":"<p><body><\/p>\n<\/p>\n<p>MONTE PLATA, Rep\u00fablica Dominicana (15-10-2014).- La novena competencia puntuable del campeonato nacional de motocross?2014 con el apoyo de la Oficina Senatorial, fue anunciada para ser corrida el pr\u00f3ximo domingo en la pista Conejo MX Park, de El Rodeo, Sabana Grande Boy\u00e1.<\/p>\n<\/p>\n<p>El presidente de la comisi\u00f3n organizadora, empresario Tino Ferreira, dijo que el evento cuenta con el apoyo de la Oficina Senatorial de Monte Plata, muy especialmente del senador Charlie Mariotti.<\/p>\n<\/p>\n<p>Indic\u00f3 que el evento comenzar\u00e1 a las diez de la ma\u00f1ana del domingo y que se correr\u00e1 en once categor\u00edas, que son: Pee wee, super pee wee, 65cc, femenina, novatos, 85cc, master A y B, pre-expertos, MX-2 y MX-1para expertos, todas a dos mangas en los minutos correspondientes.<\/p>\n<\/p>\n<p>En otro orden, Ferreyra dio a conocer que el piloto norteamericano, Pete Jesses estar\u00e1 presente junto al internacional dominicano, Franklin Nogueras, quienes llegar\u00e1n a Monte Plata el pr\u00f3ximo viernes.<\/p>\n<\/p>\n<p>Agreg\u00f3 que se esperan m\u00e1s de 50 pilotos dominicanos quienes participan en el campeonato nacional de motocross, el cual culminar\u00e1 el domingo 26 de octubre en Puerto Plata.<\/p>\n<\/p>\n<p>El evento es auspiciado por la oficina senatorial de Monte Plata y Empresas &amp; ferreter\u00eda Ferreira, copatrocinado por cerveza Presidente y otros.<\/p>\n<h6> 2014-10-15 18:19:16 <\/h6>\n<p><!--\n<link rel=\"stylesheet\" href=\"css\/bootstrap.min.css\">\n\n\n<ul class=\"pagination\">\n\t    \n\t\n\n<li >\n\t<a href='?page_no=16320'>Previous<\/a>\n\t<\/li>\n\n\n       \n    \n\n<li><a href='?page_no=1'>1<\/a><\/li>\n\n\n\n<li><a href='?page_no=2'>2<\/a><\/li>\n\n\n\n<li><a>...<\/a><\/li>\n\n\n\n<li><a href='?page_no=16319'>16319<\/a><\/li>\n\n\n\n<li><a href='?page_no=16320'>16320<\/a><\/li>\n\n\n\n<li class='active'><a>16321<\/a><\/li>\n\n\n\n<li><a href='?page_no=16322'>16322<\/a><\/li>\n\n\n\n<li><a href='?page_no=16323'>16323<\/a><\/li>\n\n\n\n<li><a>...<\/a><\/li>\n\n\n\n<li><a href='?page_no=36618'>36618<\/a><\/li>\n\n\n\n<li><a href='?page_no=36619'>36619<\/a><\/li>\n\n    \n\t\n\n<li >\n\t<a href='?page_no=16322'>Next<\/a>\n\t<\/li>\n\n\n    \n\n<li><a href='?page_no=36619'>Last &rsaquo;&rsaquo;<\/a><\/li>\n\n<\/ul>\n\n\n--><br \/>\n<\/body><\/p>\n","protected":false},"excerpt":{"rendered":"<p>MONTE PLATA, Rep\u00fablica Dominicana (15-10-2014).- La novena competencia puntuable del campeonato nacional de motocross?2014 con el apoyo de la Oficina Senatorial, fue anunciada para ser corrida el pr\u00f3ximo domingo en la pista Conejo MX Park, de El Rodeo, Sabana Grande Boy\u00e1. El presidente de la comisi\u00f3n organizadora, empresario Tino Ferreira, dijo que el evento cuenta [&hellip;]<\/p>\n","protected":false},"author":3,"featured_media":0,"comment_status":"open","ping_status":"open","sticky":false,"template":"","format":"standard","meta":{"footnotes":""},"categories":[17],"tags":[],"class_list":["post-199861","post","type-post","status-publish","format-standard","hentry","category-deportes"],"_links":{"self":[{"href":"https:\/\/diariodominicano.com\/index.php?rest_route=\/wp\/v2\/posts\/199861","targetHints":{"allow":["GET"]}}],"collection":[{"href":"https:\/\/diariodominicano.com\/index.php?rest_route=\/wp\/v2\/posts"}],"about":[{"href":"https:\/\/diariodominicano.com\/index.php?rest_route=\/wp\/v2\/types\/post"}],"author":[{"embeddable":true,"href":"https:\/\/diariodominicano.com\/index.php?rest_route=\/wp\/v2\/users\/3"}],"replies":[{"embeddable":true,"href":"https:\/\/diariodominicano.com\/index.php?rest_route=%2Fwp%2Fv2%2Fcomments&post=199861"}],"version-history":[{"count":0,"href":"https:\/\/diariodominicano.com\/index.php?rest_route=\/wp\/v2\/posts\/199861\/revisions"}],"wp:attachment":[{"href":"https:\/\/diariodominicano.com\/index.php?rest_route=%2Fwp%2Fv2%2Fmedia&parent=199861"}],"wp:term":[{"taxonomy":"category","embeddable":true,"href":"https:\/\/diariodominicano.com\/index.php?rest_route=%2Fwp%2Fv2%2Fcategories&post=199861"},{"taxonomy":"post_tag","embeddable":true,"href":"https:\/\/diariodominicano.com\/index.php?rest_route=%2Fwp%2Fv2%2Ftags&post=199861"}],"curies":[{"name":"wp","href":"https:\/\/api.w.org\/{rel}","templated":true}]}}