{"id":199858,"date":"2014-10-15T21:28:46","date_gmt":"2014-10-15T21:28:46","guid":{"rendered":"http:\/\/diariodominicano.ddns.net\/?p=199858"},"modified":"2014-10-15T21:28:46","modified_gmt":"2014-10-15T21:28:46","slug":"fedombal-anuncia-fogueos-selecciones-basket-ante-puerto-rico","status":"publish","type":"post","link":"https:\/\/diariodominicano.com\/?p=199858","title":{"rendered":"Fedombal anuncia fogueos selecciones basket ante Puerto Rico"},"content":{"rendered":"<p><body><\/p>\n<p><img decoding=\"async\" src=\"http:\/\/localhost:8080\/img3\/Uribe.jpg\" \/>  <\/p>\n<p><span class=\"text1noticias\">Santo Domingo, RD, 15 de octubre.-La Federaci\u00f3n Dominicana de Baloncesto (Fedombal) anunci\u00f3 este mi\u00e9rcoles la celebraci\u00f3n de dos jornadas de fogueos de sus seleccionados de mayores masculinos y femeninos ante sus hom\u00f3logos de Puerto Rico.<\/span><\/p>\n<\/p>\n<p><span class=\"text1noticias\">Los partidos ser\u00e1n realizados en el polideportivo del club Mauricio B\u00e1ez y servir\u00e1n de preparaci\u00f3n para los Juegos Centroamericanos y del Caribe, que se efectuar\u00e1n en noviembre en el estado de Veracruz, en M\u00e9xico.<\/span><\/p>\n<\/p>\n<p><span class=\"text1noticias\">Los detalles del intercambio de baloncesto fueron dados por el ingeniero Rafael Uribe, presidente de la Federaci\u00f3n Dominicana de Baloncesto (Fedombal), en una rueda de prensa efectuada este mi\u00e9rcoles en el Centro Cultural del club Mauricio B\u00e1ez, en el sector de Villa Juana.<\/span><\/p>\n<\/p>\n<p><span class=\"text1noticias\">Uribe se hizo acompa\u00f1ar del gerente general de ambos conjuntos, Ra\u00fal Pe\u00f1a; del dirigente de la escuadra masculina Jos\u00e9 -Boy\u00f3n- Dom\u00ednguez; de C\u00e9sar P\u00e9rez Samboy, tesorero de Fedombal y Manny L\u00f3pez, coordinadores de los encuentros de fogueos.<\/span><\/p>\n<\/p>\n<p><span class=\"text1noticias\">El m\u00e1ximo dirigente federado inform\u00f3 que la primera secci\u00f3n de los fogueos ser\u00e1 en la rama femenina y se celebrar\u00e1n los d\u00edas 14 y 15 de noviembre, mientras que en los masculinos ser\u00e1n tres y cuatro d\u00edas despu\u00e9s, 18 y 19, los dos en el techado de Villa Juana.<\/span><\/p>\n<\/p>\n<p><span class=\"text1noticias\">\u00abEste es un compromiso preparatorio para los Juegos de Veracruz, donde iremos con la mente positiva de conseguir la presea de oro tanto en varones como con las mujeres, ya que contaremos con un buen n\u00facleo de atletas talentosos y de experiencias en estos eventos y de un reconocido y experimentado t\u00e9cnico como Boy\u00f3n Dom\u00ednguez\u00bb, precis\u00f3 Uribe.<\/span><\/p>\n<\/p>\n<p><span class=\"text1noticias\">\u00abPuerto Rico viene  con su equipo completo que ir\u00e1 a Veracruz y de aqu\u00ed se marcha a M\u00e9xico\u00bb, precis\u00f3 Uribe.<\/span><\/p>\n<\/p>\n<p><span class=\"text1noticias\">Y adelant\u00f3 que coordina con las autoridades de M\u00e9xico la posibilidad de foguearse con su equipo nacional u otro de los participantes en el torneo de basket.<\/span><\/p>\n<\/p>\n<p><span class=\"text1noticias\">El combinado femenino tendr\u00e1 como dirigente al cubano Ariel Portuondo, asistido de Johnny Rodr\u00edguez (Bobol\u00e9). El asistente de Boy\u00f3n en masculino ser\u00e1 Melvyn L\u00f3pez.<\/span><\/p>\n<\/p>\n<p><span class=\"text1noticias\">Indic\u00f3 que estos compromisos servir\u00e1n como carta de presentaci\u00f3n o ensayos para los pr\u00f3ximos eventos internacionales que organizaremos en el pa\u00eds en el 2015, en especial en las categor\u00edas menores.<\/span><\/p>\n<\/p>\n<p><span class=\"text1noticias\">\u00abVer\u00e1n un nuevo modelo de sistema de competencia para el a\u00f1o que viene, al estilo los Gran Prix de voleibol, donde se realizan torneos sedes en cada pa\u00eds y el p\u00fablico local pueda ver sus equipos nacionales\u00bb, resalt\u00f3 el presidente de Fedombal.<\/span><\/p>\n<\/p>\n<p><span class=\"text1noticias\">De su lado, Ra\u00fal Pe\u00f1a, gerente general, apunt\u00f3 que ya han seleccionado los jugadores de la selecci\u00f3n nacional de mayores masculino y femenino.<\/span><\/p>\n<\/p>\n<p><span class=\"text1noticias\">\u00abQueremos la presea de oro, tenemos el equipo para lograrlo y estamos positivo, aunque en el camino nos quedemos cortos y nos llevemos plata o bronce, pero venimos con una insignia en el pecho\u00bb, exclam\u00f3 \u00abEl Koby\u00bb Pe\u00f1a.<\/span><\/p>\n<\/p>\n<p><span class=\"text1noticias\">Las jugadoras preseleccionadas son Gisell Peguero, Danylsa And\u00fajar, Andre\u00edna Paniagua, Sugey Monsac, Wanda Peguero, Jennifer Estrella, G\u00e9nesis Evangelista, Yamel Abreu, Johanna Morton, Yuleidy Zapata, Miguelina de los Santos, Marlene C\u00e1ceres y Marian Soto.<\/span><\/p>\n<\/p>\n<p><span class=\"text1noticias\">Los varones preseleccionados son Manuel Guzm\u00e1n, Edward Santana, Joel Ram\u00edrez, Kelvin Pe\u00f1a, Jack Michael Mart\u00ednez, Eloy Vargas, Manuel Fortuna, Jame Maye, Gerardo Suero, V\u00edctor Liz, Juan Coronado y Alexis Mont\u00e1s, Jos\u00e9 Fortuna, Reyson Beato, Rigoberto Mendoza y Rafael Cris\u00f3stomo, entre otros.<\/span><\/p>\n<\/p>\n<p><span class=\"text1noticias\">Y por su parte, Dom\u00ednguez adelant\u00f3 que los entrenamientos masculinos inician el 4 de noviembre, a las 4:00 de la tarde, en el club Mauricio B\u00e1ez.(HG)<\/span>.<\/p>\n<\/p>\n<h6> 2014-10-15 21:28:46 <\/h6>\n<p><!--\n<link rel=\"stylesheet\" href=\"css\/bootstrap.min.css\">\n\n\n<ul class=\"pagination\">\n\t    \n\t\n\n<li >\n\t<a href='?page_no=16318'>Previous<\/a>\n\t<\/li>\n\n\n       \n    \n\n<li><a href='?page_no=1'>1<\/a><\/li>\n\n\n\n<li><a href='?page_no=2'>2<\/a><\/li>\n\n\n\n<li><a>...<\/a><\/li>\n\n\n\n<li><a href='?page_no=16317'>16317<\/a><\/li>\n\n\n\n<li><a href='?page_no=16318'>16318<\/a><\/li>\n\n\n\n<li class='active'><a>16319<\/a><\/li>\n\n\n\n<li><a href='?page_no=16320'>16320<\/a><\/li>\n\n\n\n<li><a href='?page_no=16321'>16321<\/a><\/li>\n\n\n\n<li><a>...<\/a><\/li>\n\n\n\n<li><a href='?page_no=36618'>36618<\/a><\/li>\n\n\n\n<li><a href='?page_no=36619'>36619<\/a><\/li>\n\n    \n\t\n\n<li >\n\t<a href='?page_no=16320'>Next<\/a>\n\t<\/li>\n\n\n    \n\n<li><a href='?page_no=36619'>Last &rsaquo;&rsaquo;<\/a><\/li>\n\n<\/ul>\n\n\n--><br \/>\n<\/body><\/p>\n","protected":false},"excerpt":{"rendered":"<p>Santo Domingo, RD, 15 de octubre.-La Federaci\u00f3n Dominicana de Baloncesto (Fedombal) anunci\u00f3 este mi\u00e9rcoles la celebraci\u00f3n de dos jornadas de fogueos de sus seleccionados de mayores masculinos y femeninos ante sus hom\u00f3logos de Puerto Rico. Los partidos ser\u00e1n realizados en el polideportivo del club Mauricio B\u00e1ez y servir\u00e1n de preparaci\u00f3n para los Juegos Centroamericanos y [&hellip;]<\/p>\n","protected":false},"author":3,"featured_media":0,"comment_status":"open","ping_status":"open","sticky":false,"template":"","format":"standard","meta":{"footnotes":""},"categories":[17],"tags":[],"class_list":["post-199858","post","type-post","status-publish","format-standard","hentry","category-deportes"],"_links":{"self":[{"href":"https:\/\/diariodominicano.com\/index.php?rest_route=\/wp\/v2\/posts\/199858","targetHints":{"allow":["GET"]}}],"collection":[{"href":"https:\/\/diariodominicano.com\/index.php?rest_route=\/wp\/v2\/posts"}],"about":[{"href":"https:\/\/diariodominicano.com\/index.php?rest_route=\/wp\/v2\/types\/post"}],"author":[{"embeddable":true,"href":"https:\/\/diariodominicano.com\/index.php?rest_route=\/wp\/v2\/users\/3"}],"replies":[{"embeddable":true,"href":"https:\/\/diariodominicano.com\/index.php?rest_route=%2Fwp%2Fv2%2Fcomments&post=199858"}],"version-history":[{"count":0,"href":"https:\/\/diariodominicano.com\/index.php?rest_route=\/wp\/v2\/posts\/199858\/revisions"}],"wp:attachment":[{"href":"https:\/\/diariodominicano.com\/index.php?rest_route=%2Fwp%2Fv2%2Fmedia&parent=199858"}],"wp:term":[{"taxonomy":"category","embeddable":true,"href":"https:\/\/diariodominicano.com\/index.php?rest_route=%2Fwp%2Fv2%2Fcategories&post=199858"},{"taxonomy":"post_tag","embeddable":true,"href":"https:\/\/diariodominicano.com\/index.php?rest_route=%2Fwp%2Fv2%2Ftags&post=199858"}],"curies":[{"name":"wp","href":"https:\/\/api.w.org\/{rel}","templated":true}]}}