{"id":199850,"date":"2014-10-16T23:05:42","date_gmt":"2014-10-16T23:05:42","guid":{"rendered":"http:\/\/diariodominicano.ddns.net\/?p=199850"},"modified":"2014-10-16T23:05:42","modified_gmt":"2014-10-16T23:05:42","slug":"celebraran-el-primer-torneo-de-golf-copa-induveca-en-los-links-del-jarabacoa-golf-club","status":"publish","type":"post","link":"https:\/\/diariodominicano.com\/?p=199850","title":{"rendered":"Celebrar\u00e1n  el primer torneo de Golf Copa Induveca en los links del Jarabacoa Golf Club"},"content":{"rendered":"<p><body><\/p>\n<p><img decoding=\"async\" src=\"http:\/\/localhost:8080\/img3\/INDUVECA.jpg\" \/>  <\/p>\n<p><span class=\"text1noticias\">Jarabacoa, La Vega RD, 16 de Octubre.- El pr\u00f3ximo s\u00e1bado d\u00eda 18  se llevar\u00e1 a cabo en los links de Jarabacoa Golf Club el primer torneo de Golf Induveca.<\/span><\/p>\n<\/p>\n<p><span class=\"text1noticias\">La informaci\u00f3n fue ofrecida en un encuentro realizado por los representantes de Induveca, junto al Se\u00f1or Enriquillo Ramos, presidente Jarabacoa Golf Club y los cronistas deportivos Andr\u00e9s Dilonex, Vicepresidente y Ponciano Batista Vocal de la instalaci\u00f3n deportiva que servir\u00e1 de escenario.<\/span><\/p>\n<\/p>\n<p><span class=\"text1noticias\">Para Induveca es ya una tradici\u00f3n apoyar actividades deportivas, principalmente en La Vega, realizando este Torneo de Golf Copa Induveca reafirma su compromiso incentivando el deporte en la regi\u00f3n.<\/span><\/p>\n<\/p>\n<p><span class=\"text1noticias\">El Torneo de Golf Copa Induveca se realizara a partir de las 8:00am en la modalidad de Scramble o en pareja, en las categor\u00edas A con un h\u00e1ndicap de cero hasta 12, categor\u00eda B con un h\u00e1ndicap de 13 a 18 y categor\u00eda C con un h\u00e1ndicap de 19 a 24; se premiaran el primer lugar bruto y los tres primeros score neto.<\/span><\/p>\n<\/p>\n<p><span class=\"text1noticias\">Entre los jugadores que participaran en este encuentroest\u00e1n el Andr\u00e9s Dolinex y Rafael Rodriguez quienes han tenido premios gross e internacionales, as\u00ed como el Julio Ram\u00edrez, Ponciano Batista, Fernando Fernandez, Carlos y Eddy Ram\u00edrez, reconocidos jugadores de golf.<\/span><\/p>\n<\/p>\n<p><span class=\"text1noticias\">Tambi\u00e9n est\u00e1n convocados miembros de la selecci\u00f3n nacional de Golf, entre los que se destacan Juan-Manita-Campusano, Nino Guerrero y H\u00e9ctor Then.(HG)<\/span>.<\/p>\n<\/p>\n<h6> 2014-10-16 23:05:42 <\/h6>\n<p><!--\n<link rel=\"stylesheet\" href=\"css\/bootstrap.min.css\">\n\n\n<ul class=\"pagination\">\n\t    \n\t\n\n<li >\n\t<a href='?page_no=16310'>Previous<\/a>\n\t<\/li>\n\n\n       \n    \n\n<li><a href='?page_no=1'>1<\/a><\/li>\n\n\n\n<li><a href='?page_no=2'>2<\/a><\/li>\n\n\n\n<li><a>...<\/a><\/li>\n\n\n\n<li><a href='?page_no=16309'>16309<\/a><\/li>\n\n\n\n<li><a href='?page_no=16310'>16310<\/a><\/li>\n\n\n\n<li class='active'><a>16311<\/a><\/li>\n\n\n\n<li><a href='?page_no=16312'>16312<\/a><\/li>\n\n\n\n<li><a href='?page_no=16313'>16313<\/a><\/li>\n\n\n\n<li><a>...<\/a><\/li>\n\n\n\n<li><a href='?page_no=36618'>36618<\/a><\/li>\n\n\n\n<li><a href='?page_no=36619'>36619<\/a><\/li>\n\n    \n\t\n\n<li >\n\t<a href='?page_no=16312'>Next<\/a>\n\t<\/li>\n\n\n    \n\n<li><a href='?page_no=36619'>Last &rsaquo;&rsaquo;<\/a><\/li>\n\n<\/ul>\n\n\n--><br \/>\n<\/body><\/p>\n","protected":false},"excerpt":{"rendered":"<p>Jarabacoa, La Vega RD, 16 de Octubre.- El pr\u00f3ximo s\u00e1bado d\u00eda 18 se llevar\u00e1 a cabo en los links de Jarabacoa Golf Club el primer torneo de Golf Induveca. La informaci\u00f3n fue ofrecida en un encuentro realizado por los representantes de Induveca, junto al Se\u00f1or Enriquillo Ramos, presidente Jarabacoa Golf Club y los cronistas deportivos [&hellip;]<\/p>\n","protected":false},"author":3,"featured_media":0,"comment_status":"open","ping_status":"open","sticky":false,"template":"","format":"standard","meta":{"footnotes":""},"categories":[17],"tags":[],"class_list":["post-199850","post","type-post","status-publish","format-standard","hentry","category-deportes"],"_links":{"self":[{"href":"https:\/\/diariodominicano.com\/index.php?rest_route=\/wp\/v2\/posts\/199850","targetHints":{"allow":["GET"]}}],"collection":[{"href":"https:\/\/diariodominicano.com\/index.php?rest_route=\/wp\/v2\/posts"}],"about":[{"href":"https:\/\/diariodominicano.com\/index.php?rest_route=\/wp\/v2\/types\/post"}],"author":[{"embeddable":true,"href":"https:\/\/diariodominicano.com\/index.php?rest_route=\/wp\/v2\/users\/3"}],"replies":[{"embeddable":true,"href":"https:\/\/diariodominicano.com\/index.php?rest_route=%2Fwp%2Fv2%2Fcomments&post=199850"}],"version-history":[{"count":0,"href":"https:\/\/diariodominicano.com\/index.php?rest_route=\/wp\/v2\/posts\/199850\/revisions"}],"wp:attachment":[{"href":"https:\/\/diariodominicano.com\/index.php?rest_route=%2Fwp%2Fv2%2Fmedia&parent=199850"}],"wp:term":[{"taxonomy":"category","embeddable":true,"href":"https:\/\/diariodominicano.com\/index.php?rest_route=%2Fwp%2Fv2%2Fcategories&post=199850"},{"taxonomy":"post_tag","embeddable":true,"href":"https:\/\/diariodominicano.com\/index.php?rest_route=%2Fwp%2Fv2%2Ftags&post=199850"}],"curies":[{"name":"wp","href":"https:\/\/api.w.org\/{rel}","templated":true}]}}