{"id":199844,"date":"2014-10-18T15:10:14","date_gmt":"2014-10-18T15:10:14","guid":{"rendered":"http:\/\/diariodominicano.ddns.net\/?p=199844"},"modified":"2014-10-18T15:10:14","modified_gmt":"2014-10-18T15:10:14","slug":"realizan-primera-version-de-la-carrera-sosua-8k-adss","status":"publish","type":"post","link":"https:\/\/diariodominicano.com\/?p=199844","title":{"rendered":"Realizan primera versi\u00f3n de la carrera Sos\u00faa 8K ADSS"},"content":{"rendered":"<p><body><\/p>\n<p><img decoding=\"async\" src=\"img3\/carrera 18.jpg\" \/>  <\/p>\n<p>Sos\u00faa, Puerto Plata 18 octubre.- SaCon el objetivo de elevar la calidad de vida y relanzar el turismo de Sosua, la Asociaci\u00f3n de Desarrollo Sostenible de Sos\u00faa (ADSS), realiz\u00f3 la primera Carrera Sosua 8k.<\/p>\n<\/p>\n<p>El evento cont\u00f3 con la presencia del ministro de Deportes, Jaime David Fern\u00e1ndez Mirabal, Ilana Newman; alcaldesa de Sosua, Julio Almonte, viceministro de Turismo para la regi\u00f3n Norte, entre otras personalidades.<\/p>\n<\/p>\n<p>En este primer marat\u00f3n \u00abSos\u00faa 8K\u00bb participaron m\u00e1s de 170 corredores, representando pa\u00edses como Rusia, Yugoeslavia, Alemania, Francia, Italia, Argentina, Espa\u00f1a, Venezuela, Ecuador, Per\u00fa y Cuba.          <\/p>\n<\/p>\n<p>Adem\u00e1s, atletas dominicanos residentes en los Estados Unidos, as\u00ed como representantes de diversas provincias del pa\u00eds.<\/p>\n<\/p>\n<p> El se\u00f1or Andr\u00e9s Pastoriza, presidente de la ADSS, dijo que esta primera versi\u00f3n de Sos\u00faa 8k fue todo un \u00e9xito, ya que participaron 217, entre aficionados y maratonistas, muchos de los cuales completaron el recorrido establecido por los organizadores. <\/p>\n<\/p>\n<p><strong>Ganadores<\/strong><\/p>\n<\/p>\n<p>Los ganadores en esta primera edici\u00f3n de Sos\u00faa 8k ADSS, fueron Yendy Mart\u00ednez, de Santo Domingo, y Julisa Silverio representante de Puerto Plata, quienes ganaron en la Categor\u00eda Elite. Mientras que el segundo puesto en la Categor\u00eda Elite masculino, correspondi\u00f3 a Junior de Jes\u00fas y el Tercero, a Adonis Santiago<\/p>\n<\/p>\n<p>En la Categor\u00eda 10 a\u00f1os y menos resultaron ganadores del primer lugar en femenino, Lorna Sagmard y masculino Ricki Perthold.<\/p>\n<\/p>\n<p>El primer Sos\u00faa 8k ADSS cont\u00f3 con el apoyo del Ministerio de Deportes  y con el aval de la Federaci\u00f3n Dominicana de Atletismo y la Asociaci\u00f3n de Atletismo de Puerto Plata.<\/p>\n<\/p>\n<p>Los ganadores de esta justa deportiva, dedicada a la integraci\u00f3n familiar, tuvieron que completar un recorrido de ocho kil\u00f3metros, consistente en dos vueltas por un circuito de cuatro kil\u00f3metros establecido por las calles del sector El Batey, con la salida y la llegada al inicio de la Calle Pedro Clisante.<\/p>\n<\/p>\n<p>El comit\u00e9 organizador presidido por Pastoriza realiz\u00f3 la entrega de 48 trofeos a los ganadores y anunci\u00f3 la segunda celebraci\u00f3n  \u00abSos\u00faa 8K ADSS ? 2015\u00bb para el segundo domingo de octubre.  <\/p>\n<\/p>\n<p><strong>Sobre la A.D.S.S.<\/strong><\/p>\n<\/p>\n<p>La nueva directiva de la Asociaci\u00f3n de Desarrollo Sostenible de Sos\u00faa (ADSS), que tom\u00f3 posesi\u00f3n el pasado mes de julio, est\u00e1 presidida por Pastoriza y compuesta por David A. Ferreiras Jim\u00e9nez, primer vicepresidente; Lorenza Polanco de Esca\u00f1o, segunda vicepresidente; Juan Perdomo Montalvo, tesorero; Ko Gonz\u00e1lez Troche, vicetesorero; Mario Garc\u00eda Aquino, Secretario; Guillermo Kirkman, vicesecretario; Ricardo Strauss, director; y Sepehrdad Sadeghi, pasado presidente y como directora ejecutiva Mabel Andreiny Elena.<\/p>\n<h6> 2014-10-18 15:10:14 <\/h6>\n<p><!--\n<link rel=\"stylesheet\" href=\"css\/bootstrap.min.css\">\n\n\n<ul class=\"pagination\">\n\t    \n\t\n\n<li >\n\t<a href='?page_no=16305'>Previous<\/a>\n\t<\/li>\n\n\n       \n    \n\n<li><a href='?page_no=1'>1<\/a><\/li>\n\n\n\n<li><a href='?page_no=2'>2<\/a><\/li>\n\n\n\n<li><a>...<\/a><\/li>\n\n\n\n<li><a href='?page_no=16304'>16304<\/a><\/li>\n\n\n\n<li><a href='?page_no=16305'>16305<\/a><\/li>\n\n\n\n<li class='active'><a>16306<\/a><\/li>\n\n\n\n<li><a href='?page_no=16307'>16307<\/a><\/li>\n\n\n\n<li><a href='?page_no=16308'>16308<\/a><\/li>\n\n\n\n<li><a>...<\/a><\/li>\n\n\n\n<li><a href='?page_no=36618'>36618<\/a><\/li>\n\n\n\n<li><a href='?page_no=36619'>36619<\/a><\/li>\n\n    \n\t\n\n<li >\n\t<a href='?page_no=16307'>Next<\/a>\n\t<\/li>\n\n\n    \n\n<li><a href='?page_no=36619'>Last &rsaquo;&rsaquo;<\/a><\/li>\n\n<\/ul>\n\n\n--><br \/>\n<\/body><\/p>\n","protected":false},"excerpt":{"rendered":"<p>Sos\u00faa, Puerto Plata 18 octubre.- SaCon el objetivo de elevar la calidad de vida y relanzar el turismo de Sosua, la Asociaci\u00f3n de Desarrollo Sostenible de Sos\u00faa (ADSS), realiz\u00f3 la primera Carrera Sosua 8k. El evento cont\u00f3 con la presencia del ministro de Deportes, Jaime David Fern\u00e1ndez Mirabal, Ilana Newman; alcaldesa de Sosua, Julio Almonte, [&hellip;]<\/p>\n","protected":false},"author":3,"featured_media":0,"comment_status":"open","ping_status":"open","sticky":false,"template":"","format":"standard","meta":{"footnotes":""},"categories":[17],"tags":[],"class_list":["post-199844","post","type-post","status-publish","format-standard","hentry","category-deportes"],"_links":{"self":[{"href":"https:\/\/diariodominicano.com\/index.php?rest_route=\/wp\/v2\/posts\/199844","targetHints":{"allow":["GET"]}}],"collection":[{"href":"https:\/\/diariodominicano.com\/index.php?rest_route=\/wp\/v2\/posts"}],"about":[{"href":"https:\/\/diariodominicano.com\/index.php?rest_route=\/wp\/v2\/types\/post"}],"author":[{"embeddable":true,"href":"https:\/\/diariodominicano.com\/index.php?rest_route=\/wp\/v2\/users\/3"}],"replies":[{"embeddable":true,"href":"https:\/\/diariodominicano.com\/index.php?rest_route=%2Fwp%2Fv2%2Fcomments&post=199844"}],"version-history":[{"count":0,"href":"https:\/\/diariodominicano.com\/index.php?rest_route=\/wp\/v2\/posts\/199844\/revisions"}],"wp:attachment":[{"href":"https:\/\/diariodominicano.com\/index.php?rest_route=%2Fwp%2Fv2%2Fmedia&parent=199844"}],"wp:term":[{"taxonomy":"category","embeddable":true,"href":"https:\/\/diariodominicano.com\/index.php?rest_route=%2Fwp%2Fv2%2Fcategories&post=199844"},{"taxonomy":"post_tag","embeddable":true,"href":"https:\/\/diariodominicano.com\/index.php?rest_route=%2Fwp%2Fv2%2Ftags&post=199844"}],"curies":[{"name":"wp","href":"https:\/\/api.w.org\/{rel}","templated":true}]}}