{"id":199838,"date":"2014-10-18T18:10:12","date_gmt":"2014-10-18T18:10:12","guid":{"rendered":"http:\/\/diariodominicano.ddns.net\/?p=199838"},"modified":"2014-10-18T18:10:12","modified_gmt":"2014-10-18T18:10:12","slug":"kevin-durant-se-sometio-a-cirugia-en-pie-fracturado-no-jugara-en-seis-semanas","status":"publish","type":"post","link":"https:\/\/diariodominicano.com\/?p=199838","title":{"rendered":"Kevin Durant se someti\u00f3 a cirug\u00eda en pie fracturado; no jugar\u00e1 en seis semanas"},"content":{"rendered":"<p><body><\/p>\n<p><img decoding=\"async\" src=\"img3\/durant 18.jpg\" \/>  <\/p>\n<p>Rumbo a la temporada 2014-15 en la NBA<\/p>\n<p>Kevin Durant se someti\u00f3 a cirug\u00eda en pie fracturado<\/p>\n<p>No podr\u00e1 jugar en las filas del Thunder de Oklahoma al menos durante seis semanas<\/p>\n<\/p>\n<p> Kevin Durant se perder\u00e1 el inicio de la temporada de baloncesto de la NBA (ap).<\/p>\n<p>OKLAHOMA CITY.- El alero estelar Kevin Durant se someti\u00f3 el jueves a una cirug\u00eda para corregir una fractura en el pie derecho, y no podr\u00e1 jugar en las filas del Thunder de Oklahoma al menos durante seis semanas.<\/p>\n<\/p>\n<p>Sam Presti, gerente general del Thunder, inform\u00f3 que la intervenci\u00f3n quir\u00fargica se practic\u00f3 en Charlotte, Carolina del Norte, y result\u00f3 exitosa.<\/p>\n<\/p>\n<p>Presti explic\u00f3 que el equipo, Durant y sus representantes decidieron \u00abconjuntamente\u00bb que la operaci\u00f3n era necesaria. Durant se someter\u00e1 a una nueva evaluaci\u00f3n en seis semanas.<\/p>\n<\/p>\n<p>Los m\u00e9dicos diagnosticaron el fin de semana que Durant, el \u00faltimo ganador del premio al Jugador M\u00e1s Valioso de la NBA, sufri\u00f3 una \u00abfractura de Jones\u00bb, que implica la ruptura de un hueso en la base del dedo m\u00e1s peque\u00f1o del pie.<\/p>\n<\/p>\n<p>Oklahoma City abre la temporada el 29 de octubre en Portland. La ausencia de Durant continuar\u00eda al menos hasta el comienzo de diciembre. Podr\u00eda volver cuando resten unos 65 partidos de la temporada.<\/p>\n<h6> 2014-10-18 18:10:12 <\/h6>\n<p><!--\n<link rel=\"stylesheet\" href=\"css\/bootstrap.min.css\">\n\n\n<ul class=\"pagination\">\n\t    \n\t\n\n<li >\n\t<a href='?page_no=16299'>Previous<\/a>\n\t<\/li>\n\n\n       \n    \n\n<li><a href='?page_no=1'>1<\/a><\/li>\n\n\n\n<li><a href='?page_no=2'>2<\/a><\/li>\n\n\n\n<li><a>...<\/a><\/li>\n\n\n\n<li><a href='?page_no=16298'>16298<\/a><\/li>\n\n\n\n<li><a href='?page_no=16299'>16299<\/a><\/li>\n\n\n\n<li class='active'><a>16300<\/a><\/li>\n\n\n\n<li><a href='?page_no=16301'>16301<\/a><\/li>\n\n\n\n<li><a href='?page_no=16302'>16302<\/a><\/li>\n\n\n\n<li><a>...<\/a><\/li>\n\n\n\n<li><a href='?page_no=36618'>36618<\/a><\/li>\n\n\n\n<li><a href='?page_no=36619'>36619<\/a><\/li>\n\n    \n\t\n\n<li >\n\t<a href='?page_no=16301'>Next<\/a>\n\t<\/li>\n\n\n    \n\n<li><a href='?page_no=36619'>Last &rsaquo;&rsaquo;<\/a><\/li>\n\n<\/ul>\n\n\n--><br \/>\n<\/body><\/p>\n","protected":false},"excerpt":{"rendered":"<p>Rumbo a la temporada 2014-15 en la NBA Kevin Durant se someti\u00f3 a cirug\u00eda en pie fracturado No podr\u00e1 jugar en las filas del Thunder de Oklahoma al menos durante seis semanas Kevin Durant se perder\u00e1 el inicio de la temporada de baloncesto de la NBA (ap). OKLAHOMA CITY.- El alero estelar Kevin Durant se [&hellip;]<\/p>\n","protected":false},"author":3,"featured_media":0,"comment_status":"open","ping_status":"open","sticky":false,"template":"","format":"standard","meta":{"footnotes":""},"categories":[17],"tags":[],"class_list":["post-199838","post","type-post","status-publish","format-standard","hentry","category-deportes"],"_links":{"self":[{"href":"https:\/\/diariodominicano.com\/index.php?rest_route=\/wp\/v2\/posts\/199838","targetHints":{"allow":["GET"]}}],"collection":[{"href":"https:\/\/diariodominicano.com\/index.php?rest_route=\/wp\/v2\/posts"}],"about":[{"href":"https:\/\/diariodominicano.com\/index.php?rest_route=\/wp\/v2\/types\/post"}],"author":[{"embeddable":true,"href":"https:\/\/diariodominicano.com\/index.php?rest_route=\/wp\/v2\/users\/3"}],"replies":[{"embeddable":true,"href":"https:\/\/diariodominicano.com\/index.php?rest_route=%2Fwp%2Fv2%2Fcomments&post=199838"}],"version-history":[{"count":0,"href":"https:\/\/diariodominicano.com\/index.php?rest_route=\/wp\/v2\/posts\/199838\/revisions"}],"wp:attachment":[{"href":"https:\/\/diariodominicano.com\/index.php?rest_route=%2Fwp%2Fv2%2Fmedia&parent=199838"}],"wp:term":[{"taxonomy":"category","embeddable":true,"href":"https:\/\/diariodominicano.com\/index.php?rest_route=%2Fwp%2Fv2%2Fcategories&post=199838"},{"taxonomy":"post_tag","embeddable":true,"href":"https:\/\/diariodominicano.com\/index.php?rest_route=%2Fwp%2Fv2%2Ftags&post=199838"}],"curies":[{"name":"wp","href":"https:\/\/api.w.org\/{rel}","templated":true}]}}