{"id":199833,"date":"2014-10-19T13:43:03","date_gmt":"2014-10-19T13:43:03","guid":{"rendered":"http:\/\/diariodominicano.ddns.net\/?p=199833"},"modified":"2014-10-19T13:43:03","modified_gmt":"2014-10-19T13:43:03","slug":"jose-ricardo-leroux-y-persio-lopez-dominan-las-clasificaciones-del-gran-premio-toyota","status":"publish","type":"post","link":"https:\/\/diariodominicano.com\/?p=199833","title":{"rendered":"Jos\u00e9 Ricardo Leroux y Persio L\u00f3pez dominan las clasificaciones del Gran Premio Toyota"},"content":{"rendered":"<p><body><\/p>\n<p><img decoding=\"async\" src=\"http:\/\/localhost:8080\/img3\/leroux.jpg\" \/><br \/><img decoding=\"async\" src=\"http:\/\/localhost:8080\/img3\/Persio.jpg\" \/>  <\/p>\n<p><span class=\"text1noticias\">Santo Domingo, RD, 19 de octubre de 2014.-Los pilotos Jos\u00e9 Ricardo Leroux en automovilismo y Persio L\u00f3pez en motociclismo dominaron las clasificaciones celebradas en el AutodromoMobil 1 con miras al Gran Premio Toyota de autos y motos.<\/span><\/p>\n<\/p>\n<p><span class=\"text1noticias\">Leroux, domin\u00f3 la m\u00e1xima categor\u00eda DTS al registrar tiempo de 1:25.986 desplazando de la acostumbrada primera posici\u00f3n al norteamericano Chip Herr quien tuvo que conformarse con la segunda posici\u00f3n por primera vez en el a\u00f1o. Herr marc\u00f3 tiempo de 1:26.202 mientras que Juan Carlos Lerox qued\u00f3 tercero con tiempo de 1:26.547, Jorge Leorux complet\u00f3 la segunda fila al marcar tiempo de 1:26.671.<\/span><\/p>\n<\/p>\n<p><span class=\"text1noticias\">Persio L\u00f3pez marc\u00f3 el tiempo m\u00e1s r\u00e1pido de la tarde ocupando la primera posici\u00f3n de la categor\u00eda SuperBike con 1:17.653 dejando en la segunda posici\u00f3n al l\u00edder del campeonato Emilio Pe\u00f1a con tiempo de 1:18.016. Waldis Veras qued\u00f3 tercero al registrar 1:19.347.<\/span><\/p>\n<\/p>\n<p><span class=\"text1noticias\">JackyKhawly de Hait\u00ed, volvi\u00f3 a dominar la cerrada categor\u00eda RS al parar el reloj en 1:29.436 mientras que Cesar Santana qued\u00f3 segundo con tiempo de 1:29.687. Jose Antonio Najri qued\u00f3 tercero con marca de 1:29.879.<\/span><\/p>\n<\/p>\n<p><span class=\"text1noticias\">Christian Bonnet mantuvo su dominio de la categor\u00eda ST aunque por un escaso margen, ya que registr\u00f3 su mejor vuelta en 1:31.216 mientras que Ronnie Suarez qued\u00f3 segundo con 1:31.267 siendo esta la clasificaci\u00f3n m\u00e1s cerrada del d\u00eda. La tercera posici\u00f3n correspondi\u00f3 a Carlos Medina con tiempo de 1:31.330 mientras que Giuseppe Rivas quedo cuarto con tiempo de 1:31.446.<\/span><\/p>\n<\/p>\n<p><span class=\"text1noticias\">En la categor\u00eda Turismo Nacional el campe\u00f3n Sebastian Paniagua fue el m\u00e1s r\u00e1pido al marcar tiempo de 1:32.760 dejando a Marco Cabral en la segunda posici\u00f3n con tiempo de 1:33.177 mientras que en la tercera posici\u00f3n qued\u00f3 Cesar Santana con marca de 1:33.299.<\/span><\/p>\n<\/p>\n<p><span class=\"text1noticias\">Wayne Veras domin\u00f3 ampliamente la clasificaci\u00f3n de la categor\u00eda Pro Bike al parar el reloj en 1:18.925, dejando en una lejana segunda posici\u00f3n a David Martinez con marca de 1:21.459. Edwin L\u00f3pez qued\u00f3 tercero con tiempo de 1:21.626. Veras domin\u00f3 igualmente la categor\u00eda Super Sport 600 marcando 1:18.048 en esta categor\u00eda. Su hermano Waldis Veras quedo segundo con tiempo de 1:19.242 mientras que Jorge Benzant qued\u00f3 tercero con 1:24.299.<\/span><\/p>\n<\/p>\n<p><span class=\"text1noticias\">La lucha por la categor\u00eda Amateur donde clasificaron 20 corredores, fue dominada por escaso margen por el piloto Rainiel Toribio quien registr\u00f3 tiempo de 1:20.906 desplazando a la segunda posici\u00f3n a Javier Bueno quien marc\u00f3 1:20.956. La tercera posici\u00f3n correspondi\u00f3 a Edward Espinal con tiempo de 1:23.661.(HG)<\/span>.<\/p>\n<h6> 2014-10-19 13:43:03 <\/h6>\n<p><!--\n<link rel=\"stylesheet\" href=\"css\/bootstrap.min.css\">\n\n\n<ul class=\"pagination\">\n\t    \n\t\n\n<li >\n\t<a href='?page_no=16296'>Previous<\/a>\n\t<\/li>\n\n\n       \n    \n\n<li><a href='?page_no=1'>1<\/a><\/li>\n\n\n\n<li><a href='?page_no=2'>2<\/a><\/li>\n\n\n\n<li><a>...<\/a><\/li>\n\n\n\n<li><a href='?page_no=16295'>16295<\/a><\/li>\n\n\n\n<li><a href='?page_no=16296'>16296<\/a><\/li>\n\n\n\n<li class='active'><a>16297<\/a><\/li>\n\n\n\n<li><a href='?page_no=16298'>16298<\/a><\/li>\n\n\n\n<li><a href='?page_no=16299'>16299<\/a><\/li>\n\n\n\n<li><a>...<\/a><\/li>\n\n\n\n<li><a href='?page_no=36618'>36618<\/a><\/li>\n\n\n\n<li><a href='?page_no=36619'>36619<\/a><\/li>\n\n    \n\t\n\n<li >\n\t<a href='?page_no=16298'>Next<\/a>\n\t<\/li>\n\n\n    \n\n<li><a href='?page_no=36619'>Last &rsaquo;&rsaquo;<\/a><\/li>\n\n<\/ul>\n\n\n--><br \/>\n<\/body><\/p>\n","protected":false},"excerpt":{"rendered":"<p>Santo Domingo, RD, 19 de octubre de 2014.-Los pilotos Jos\u00e9 Ricardo Leroux en automovilismo y Persio L\u00f3pez en motociclismo dominaron las clasificaciones celebradas en el AutodromoMobil 1 con miras al Gran Premio Toyota de autos y motos. Leroux, domin\u00f3 la m\u00e1xima categor\u00eda DTS al registrar tiempo de 1:25.986 desplazando de la acostumbrada primera posici\u00f3n al [&hellip;]<\/p>\n","protected":false},"author":3,"featured_media":0,"comment_status":"open","ping_status":"open","sticky":false,"template":"","format":"standard","meta":{"footnotes":""},"categories":[17],"tags":[],"class_list":["post-199833","post","type-post","status-publish","format-standard","hentry","category-deportes"],"_links":{"self":[{"href":"https:\/\/diariodominicano.com\/index.php?rest_route=\/wp\/v2\/posts\/199833","targetHints":{"allow":["GET"]}}],"collection":[{"href":"https:\/\/diariodominicano.com\/index.php?rest_route=\/wp\/v2\/posts"}],"about":[{"href":"https:\/\/diariodominicano.com\/index.php?rest_route=\/wp\/v2\/types\/post"}],"author":[{"embeddable":true,"href":"https:\/\/diariodominicano.com\/index.php?rest_route=\/wp\/v2\/users\/3"}],"replies":[{"embeddable":true,"href":"https:\/\/diariodominicano.com\/index.php?rest_route=%2Fwp%2Fv2%2Fcomments&post=199833"}],"version-history":[{"count":0,"href":"https:\/\/diariodominicano.com\/index.php?rest_route=\/wp\/v2\/posts\/199833\/revisions"}],"wp:attachment":[{"href":"https:\/\/diariodominicano.com\/index.php?rest_route=%2Fwp%2Fv2%2Fmedia&parent=199833"}],"wp:term":[{"taxonomy":"category","embeddable":true,"href":"https:\/\/diariodominicano.com\/index.php?rest_route=%2Fwp%2Fv2%2Fcategories&post=199833"},{"taxonomy":"post_tag","embeddable":true,"href":"https:\/\/diariodominicano.com\/index.php?rest_route=%2Fwp%2Fv2%2Ftags&post=199833"}],"curies":[{"name":"wp","href":"https:\/\/api.w.org\/{rel}","templated":true}]}}