{"id":199831,"date":"2014-10-19T14:36:24","date_gmt":"2014-10-19T14:36:24","guid":{"rendered":"http:\/\/diariodominicano.ddns.net\/?p=199831"},"modified":"2014-10-19T14:36:24","modified_gmt":"2014-10-19T14:36:24","slug":"ceremonial-pabellon-de-la-fama-hoy-a-partir-del-mediodia","status":"publish","type":"post","link":"https:\/\/diariodominicano.com\/?p=199831","title":{"rendered":"Ceremonial Pabell\u00f3n de la Fama hoy a partir del mediod\u00eda"},"content":{"rendered":"<p><body><\/p>\n<p><img decoding=\"async\" src=\"img3\/inmortal 19.jpeg\" \/>  <\/p>\n<p>Santo Domingo RD 19 octubre.- El Pabell\u00f3n de Fama ampli\u00f3 hace varios a\u00f1os sus salones, pero hoy a las 11:00 AM se estremecer\u00e1n sus instalaciones al abrir sus puertas a una de las cuadrillas m\u00e1s excelsas de todos sus ceremoniales.<\/p>\n<\/p>\n<p>Esta vez, en la versi\u00f3n 48 dedicada al lanzador Bartolo Col\u00f3n, entrar\u00e1n al sal\u00f3n del honor del Deporte Dominicano \u00abreales gigantes\u00bb para ser inmortalizados para honra propia, pero muy en especial para honra del deporte dominicano y para muestra que m\u00e1s se le podr\u00eda exigir a un lanzador que pertenece al grupo de ganadores de 20 en una campa\u00f1a en Grandes Ligas y con m\u00e1s de cien victorias en total.<\/p>\n<\/p>\n<p> Un propulsor que durante m\u00e1s de dos d\u00e9cadas fue pieza central del engranaje de desarrollo del deporte dominicano concluyendo su carrera de forma contundente con la celebraci\u00f3n de los Juegos Panamericanos en el pa\u00eds en 2003.<\/p>\n<\/p>\n<p>A ellos se suma una mujer aguerrida que abri\u00f3 el camino a las grandes conquistas femenil dentro del deporte individual, con medallas de oro Centroamericana y del Caribe, as\u00ed como una chata de plata en los Juegos Panamericanos de Indian\u00e1polis.<\/p>\n<\/p>\n<p> Un softbolista, tercera base, que fue un terror con el bate en todos los eventos y que jug\u00f3 un papel protag\u00f3nico durante 17 a\u00f1os en la selecci\u00f3n dominicana con preseas de todos los colores en el continente.<\/p>\n<\/p>\n<p>Otra de las grandes figuras que entra hoy a la inmortalidad nunca sinti\u00f3 pasi\u00f3n por el b\u00e9isbol, pero su deseo de superaci\u00f3n escolar lo llev\u00f3 a reunir los mejores n\u00fameros entre una familia de Grandes Ligas; mientras que la considerada mejor baloncelista del pa\u00eds, de cualquier \u00e9poca, toca la puerta del pabell\u00f3n, y le abrieron, conjuntamente con un propulsor que jug\u00f3 y dirigi\u00f3 la selecci\u00f3n de su deportes, veamos un miniresumen de sus haza\u00f1as:<\/p>\n<\/p>\n<p>Teresa Dur\u00e1n<\/p>\n<p>\u00abMi\u00f1i\u00f1a\u00bb, como es llamada en el ambiente de baloncesto, se form\u00f3 en el club \u00c1guilas de Guachupita baj\u00f3 las riendas del dirigente y entrenador Ram\u00f3n Cabrera.<\/p>\n<\/p>\n<p>Muchos la consideran la mejor jugadora dominicana que haya entrado a una cancha de baloncesto. En cinco ocasiones conquist\u00f3 el  premio de \u00abAtleta del A\u00f1o\u00bb, en la versi\u00f3n del Comit\u00e9 Ol\u00edmpico Dominicano; mientras que en cuatro oportunidades fue premiada por la Asociaci\u00f3n de Cronistas Deportivos de Santo Domingo.<\/p>\n<\/p>\n<p>Teresa a\u00fan mantiene r\u00e9cord en los principales eventos del \u00e1rea y en basket distrital femenil.  En 12 ocasiones gan\u00f3 el m\u00e9rito de mejor atleta en su disciplina,  baloncesto, otorgado tambi\u00e9n por la ACD.<\/p>\n<\/p>\n<p>Andrea Hern\u00e1ndez<\/p>\n<p>Considerada entre los mejores atletas de todos los tiempos en su deporte, que colocar\u00e1 a su quinto inmortal en el Pabell\u00f3n de la Fama. Los otros son Radham\u00e9s Lora Salcedo, Juan Chalas, Mamoru Matsunaga y Dulce Mar\u00eda Pi\u00f1a.<\/p>\n<\/p>\n<p>Sus logros m\u00e1s resonantes fue la medalla de oro de los 72 Kg. lograda  en los Juegos Centroamericanos y del Caribe Santiago\u00a5 86, convirti\u00e9ndose en la primera judoka obtener un oro centroamericano.<\/p>\n<\/p>\n<p>Hern\u00e1ndez sigui\u00f3 elevando su nivel y ganando medallas casi en cada evento internacional en que represent\u00f3 a Rep\u00fablica Dominicana. Para dejar su legado consagrado, la judoca vegana subi\u00f3 al podio de los Juegos Panamericanos de Indian\u00e1polis \u00a587, luego de caer en la final de los 66 kilogramos. Gan\u00f3 presea de plata. <\/p>\n<\/p>\n<p>Dr. Jos\u00e9 Joaqu\u00edn Puello<\/p>\n<p>Es uno de los grandes propulsores del deporte caribe\u00f1o, con su ideas de los \u00abJuegos de las Islas\u00bb motoriz\u00f3 el deporte de toda el \u00e1rea y fortaleci\u00f3 los lazos y la colaboraci\u00f3n entre los pa\u00edses afiliados a la Odecabe, entidad que dirigi\u00f3 satisfactoriamente.<\/p>\n<\/p>\n<p>Durante m\u00e1s de dos d\u00e9cadas fue pieza central del engranaje de desarrollo del deporte dominicano concluyendo su carrera dirigencia  de forma contundente con consecuci\u00f3n de la sede de los Juegos Panamericanos, tras una tenaz lucha interna y externa, y luego con la celebraci\u00f3n exitosa de los Juegos Panamericanos Santo Domingo 2003.<\/p>\n<\/p>\n<p>Alejandro Tejeda<\/p>\n<p>Alejandro Tejeda, ex jugador y entrenador de la selecci\u00f3n de mayores de baloncesto.<\/p>\n<\/p>\n<p>Tejeda represent\u00f3 al pa\u00eds en  m\u00faltiples eventos internacionales de baloncesto con actuaci\u00f3n y conducta de primer orden.<\/p>\n<\/p>\n<p>Los propulsores Tejada y Puello fueron elegidos por sus grandes aportes al deporte nacional y presentados en d\u00edas recientes por el doctor Luis Scheker Ortiz, presidente de la entidad, quien adem\u00e1s tuvo elogios a la elecci\u00f3n por parte del Comit\u00e9 Permanente del Pabell\u00f3n de la Fama y el Comit\u00e9 de Veteranos, respectivamente.<\/p>\n<\/p>\n<p>Ram\u00f3n Mart\u00ednez<\/p>\n<p>Forma parte del exclusivo grupo de serpentineros que ha ganado 20 partidos en una temporada de Grandes Ligas y miembro de otro conglomerado de honor, entre los ganadores de 100 o mas partidos (135-88) tras 13 a\u00f1os en las mayores.<\/p>\n<\/p>\n<p>Ram\u00f3n termin\u00f3 con efectividad colectiva de 3.67 y 1,427 ponches en 1,895.2 tercios de entradas lanzadas. Sus triunfos constituyen la cuarta mejor marca hist\u00f3rica entre los dominicanos, s\u00f3lo detr\u00e1s de Juan Marichal, su hermano Pedro y Bartolo Col\u00f3n.  <\/p>\n<\/p>\n<p> Debut\u00f3 en las ligas mayores en 1988 con los Dodgers de los \u00c1ngeles y tres temporadas despu\u00e9s ya formaba parte de la \u00e9lite de los lanzadores de la Liga Nacional al ganar 20 partidos (con s\u00f3lo seis derrotas).<\/p>\n<\/p>\n<p>Mois\u00e9s Alou<\/p>\n<p>A pesar de que no sent\u00eda pasi\u00f3n por el b\u00e9isbol sino por los estudios acad\u00e9mico, para conservar una beca universitaria se form\u00f3 como un gran pelotero, que finaliz\u00f3 su carrera con mejores n\u00fameros que su padre y sus t\u00edos, tres luminarias del deporte nacional y de las Grandes Ligas. Mois\u00e9s fue un jardinero estrella con promedio de .303 de por vida en una carrera de 17 a\u00f1os en las Grandes Ligas.<\/p>\n<\/p>\n<p>Entre sus grandes m\u00e9ritos fue el principal pilar en la conquista de la Serie Mundial lograda por los Marlins en 1997; gan\u00f3 la corona en la Serie del Caribe como refuerzo de los Leones del Escogido; campe\u00f3n en el b\u00e9isbol invernal con las \u00c1guilas; gerente campe\u00f3n desde la oficina de Leones del Escogido; y gerente estructurador del equipo que conquist\u00f3 el Cl\u00e1sico Mundial del B\u00e9isbol en 2013.<\/p>\n<\/p>\n<p>Josu\u00e9 Polanco<\/p>\n<p>Durante 17 a\u00f1os dentro de la selecci\u00f3n nacional Josu\u00e9 Polanco  vio cumplir la mayor\u00eda de sus sue\u00f1os como atleta. Hoy cierra con broche de oro una carrera que protagoniz\u00f3 con gallard\u00eda y que fue positiva en una gran parte de los logros del pa\u00eds en Juegos Centroamericanos, Panamericanos y Mundiales.<\/p>\n<\/p>\n<p> El nativo de Luper\u00f3n, Puerto Plata, es considerado uno de los mejores bates del seleccionado nacional de softbol y del continente de todos los tiempos.<\/p>\n<\/p>\n<p> Polanco estuvo involucrado de manera protag\u00f3nica en las medallas de oro conquistadas por el pa\u00eds en el Centroamericano y del Caribe de Softbol celebrado en las ciudades colombianas de Medell\u00edn y Cartagena de Indias; miembro prominente del seleccionado medallista de oro en los Juegos Centroamericanos y del Caribe de Santiago 86; pieza decisiva para que Dominicana obtuviera la corona del Campeonato Centroamericano  y del Caribe de Durango, M\u00e9xico, 1987.<\/p>\n<\/p>\n<p>Mois\u00e9s tendr\u00e1 como edec\u00e1n a Pablo Neftal\u00ed Cruz; y Ram\u00f3n Mart\u00ednez a su hermano y tambi\u00e9n ex lanzador Pedro Mart\u00ednez; Teresa ser\u00e1 acompa\u00f1ada por Carlos Ram\u00edrez Cabrera; Tejeda por H\u00e9ctor -Vikingo- Monegro; Andrea tendr\u00e1 a Germ\u00e1n Despradel hijo, Josu\u00e9 a Garibaldy Bautista; y Luis\u00edn Mej\u00eda es el edec\u00e1n de Jos\u00e9 Joaqu\u00edn Puello.<\/p>\n<\/p>\n<p>Actuantes<\/p>\n<p>Como actuantes en el ceremonial estar\u00e1n los destacados atletas Juan Carlos Payano, portar\u00e1 la Bandera Nacional; Johnny Cueto, actuar\u00e1 como Abanderado del Pabell\u00f3n de la Fama; Mar\u00eda Gabriela Brugal portar\u00e1 el Laurel; y Alex Prats ser\u00e1 el Porta Machete. El Pabell\u00f3n de la Fama inform\u00f3  adem\u00e1s que el Nuncio Apost\u00f3lico Jude Thaddeus Okolo har\u00e1 la invocaci\u00f3n del Ceremonial de la Fama.<\/p>\n<\/p>\n<p>C\u00e9sar Medina N\u00fa\u00f1ez declamar\u00e1 el poema a los inmortales y el Orfe\u00f3n de Santiago, dirigido por el reverendo padre C\u00e9sar Hilario, interpretar\u00e1 el Himno Nacional y del Pabell\u00f3n de la Fama. El veterano cronista vegano Rub\u00e9n De Lara har\u00e1 el brindis de la prensa y Julio Mon Nadal, presidente del Comit\u00e9 de Veteranos del Pabell\u00f3n de la Fama, tendr\u00e1 a bien hacer el brindis de bienvenida a los nuevos inmortales.<\/p>\n<\/p>\n<p>Reconocimientos<\/p>\n<p>Los reconocimientos especiales del Pabell\u00f3n ser\u00e1n al notable tenista V\u00edctor Estrella, de asombrosas y sobresalientes actuaciones en dos de los tres Grand Slam de tenis de este a\u00f1o, como el Abierto de Estados Unidos y  Wimbledon, Gran Breta\u00f1a.<\/p>\n<\/p>\n<p>Igualmente ser\u00e1n reconocidas por su magn\u00edfica actuaci\u00f3n la selecci\u00f3n nacional de voleibol, sus entrenadores y dirigentes  que acaban  de lograr un hist\u00f3rico con el quinto lugar en el Mundial de Voleibol en Italia; y al legendario Vinicio -Guini- Santana, inmortal del deporte y consagrado en el primer ceremonial celebrado en 1966, por su presencia ininterrumpida en cada Ceremonial.<\/p>\n<\/p>\n<p>EL ACTO SER\u00c1 ENCABEZADO POR EL DR. LUIS SHEKER ORTIZ<\/p>\n<p>La actividad ser\u00e1 encabezada por los directivos del organismo, Luis Scheker Ortiz, presidente; Carlos Lamarche Rey, Luis Ram\u00f3n Cordero, Thimo Pimentel, Atilio de Fr\u00edas, Dionisio Guzm\u00e1n, Josel\u00edn Rodr\u00edguez Conde, Rolando Miranda y Rafael Damir\u00f3n, Fernando Teruel, Pio Santana, Rub\u00e9n Luis And\u00fajar.<\/p>\n<\/p>\n<h6> 2014-10-19 14:36:24 <\/h6>\n<p><!--\n<link rel=\"stylesheet\" href=\"css\/bootstrap.min.css\">\n\n\n<ul class=\"pagination\">\n\t    \n\t\n\n<li >\n\t<a href='?page_no=16294'>Previous<\/a>\n\t<\/li>\n\n\n       \n    \n\n<li><a href='?page_no=1'>1<\/a><\/li>\n\n\n\n<li><a href='?page_no=2'>2<\/a><\/li>\n\n\n\n<li><a>...<\/a><\/li>\n\n\n\n<li><a href='?page_no=16293'>16293<\/a><\/li>\n\n\n\n<li><a href='?page_no=16294'>16294<\/a><\/li>\n\n\n\n<li class='active'><a>16295<\/a><\/li>\n\n\n\n<li><a href='?page_no=16296'>16296<\/a><\/li>\n\n\n\n<li><a href='?page_no=16297'>16297<\/a><\/li>\n\n\n\n<li><a>...<\/a><\/li>\n\n\n\n<li><a href='?page_no=36618'>36618<\/a><\/li>\n\n\n\n<li><a href='?page_no=36619'>36619<\/a><\/li>\n\n    \n\t\n\n<li >\n\t<a href='?page_no=16296'>Next<\/a>\n\t<\/li>\n\n\n    \n\n<li><a href='?page_no=36619'>Last &rsaquo;&rsaquo;<\/a><\/li>\n\n<\/ul>\n\n\n--><br \/>\n<\/body><\/p>\n","protected":false},"excerpt":{"rendered":"<p>Santo Domingo RD 19 octubre.- El Pabell\u00f3n de Fama ampli\u00f3 hace varios a\u00f1os sus salones, pero hoy a las 11:00 AM se estremecer\u00e1n sus instalaciones al abrir sus puertas a una de las cuadrillas m\u00e1s excelsas de todos sus ceremoniales. Esta vez, en la versi\u00f3n 48 dedicada al lanzador Bartolo Col\u00f3n, entrar\u00e1n al sal\u00f3n del [&hellip;]<\/p>\n","protected":false},"author":3,"featured_media":0,"comment_status":"open","ping_status":"open","sticky":false,"template":"","format":"standard","meta":{"footnotes":""},"categories":[17],"tags":[],"class_list":["post-199831","post","type-post","status-publish","format-standard","hentry","category-deportes"],"_links":{"self":[{"href":"https:\/\/diariodominicano.com\/index.php?rest_route=\/wp\/v2\/posts\/199831","targetHints":{"allow":["GET"]}}],"collection":[{"href":"https:\/\/diariodominicano.com\/index.php?rest_route=\/wp\/v2\/posts"}],"about":[{"href":"https:\/\/diariodominicano.com\/index.php?rest_route=\/wp\/v2\/types\/post"}],"author":[{"embeddable":true,"href":"https:\/\/diariodominicano.com\/index.php?rest_route=\/wp\/v2\/users\/3"}],"replies":[{"embeddable":true,"href":"https:\/\/diariodominicano.com\/index.php?rest_route=%2Fwp%2Fv2%2Fcomments&post=199831"}],"version-history":[{"count":0,"href":"https:\/\/diariodominicano.com\/index.php?rest_route=\/wp\/v2\/posts\/199831\/revisions"}],"wp:attachment":[{"href":"https:\/\/diariodominicano.com\/index.php?rest_route=%2Fwp%2Fv2%2Fmedia&parent=199831"}],"wp:term":[{"taxonomy":"category","embeddable":true,"href":"https:\/\/diariodominicano.com\/index.php?rest_route=%2Fwp%2Fv2%2Fcategories&post=199831"},{"taxonomy":"post_tag","embeddable":true,"href":"https:\/\/diariodominicano.com\/index.php?rest_route=%2Fwp%2Fv2%2Ftags&post=199831"}],"curies":[{"name":"wp","href":"https:\/\/api.w.org\/{rel}","templated":true}]}}