{"id":199827,"date":"2014-10-20T11:30:19","date_gmt":"2014-10-20T11:30:19","guid":{"rendered":"http:\/\/diariodominicano.ddns.net\/?p=199827"},"modified":"2014-10-20T11:30:19","modified_gmt":"2014-10-20T11:30:19","slug":"celebran-ceremonial-de-los-inmortales-del-deportes-en-el-pabellon-de-la-fama-del-estadio-olimpico","status":"publish","type":"post","link":"https:\/\/diariodominicano.com\/?p=199827","title":{"rendered":"Celebran Ceremonial de los Inmortales del Deportes en el Pabell\u00f3n de la Fama del Estadio Ol\u00edmpico"},"content":{"rendered":"<p><body><\/p>\n<p><img decoding=\"async\" src=\"img3\/chicas 1.jpeg\" \/><br \/><img decoding=\"async\" src=\"img3\/moises 2.jpeg\" \/><br \/><img decoding=\"async\" src=\"img3\/gente 3.jpeg\" \/>  <\/p>\n<p>Santo Domingo RD 20 octubre.- Todo comenz\u00f3 con el tradicional ritual de instalaci\u00f3n del Comit\u00e9 Permanente encabezado por el doctor Luis Sheker Ortiz y el doctor Carlos Lamarche Rey, El Orfe\u00f3n de Santiago interpret\u00f3 los himnos nacional y del Pabell\u00f3n de la Fama. <\/p>\n<\/p>\n<p>El nuncio apost\u00f3lico Jude Thadeus Okolo, hizo la invocaci\u00f3n, seguido del despliegue de banderas y los s\u00edmbolos (el laurel y el mallete),los cuales fueron llevados por dos cadetes escoltados por el campe\u00f3n mundial Juan Carlos Payano y los s\u00edmbolos por Alejandro Prats y Mar\u00eda Gabriela Brugal Gass\u00f3.<\/p>\n<\/p>\n<p>Sheker Ortiz procedi\u00f3 a llamar al presidente del ceremonial, Crist\u00f3bal Marte Hoffiz, para instalarlo como conductor del mismo.<\/p>\n<\/p>\n<p>En el marco de la actividad fueron llamadas las integrantes del equipo nacional de voleibol femenino y su mentor Crist\u00f3bal Marte Hoffiz, para recibir un reconocimiento que tambi\u00e9n fue bien acogido por la concurrencia.  Marte Hoffiz tuvo que hacer un aparte, como presidente del ceremonial para motivar la proeza de sus pupilas, adem\u00e1s de agradecer a una serie de personalidades, entre las que cit\u00f3 a Gioriver Arias y su esposa Mayo Sibilia, quienes iniciaron con \u00e9l proyecto que hoy ha resultado en uno de los mejores seleccionados del mundo. Mar\u00eda Fersola, Gina Mambr\u00fa, Bethania de la Cruz, Rosal\u00edn Angeles, C\u00e1ndida Arias, Annerys Valdez, Niverka Marte, Brayelin Mart\u00ednez, estuvieron presentes en el acto.<\/p>\n<\/p>\n<p>Lo mismo sucedi\u00f3 con V\u00edctor Estrella, el tenista dominicano que ha hecho historia en el tenis profesional, llegando tan lejos que ha merecido la atenci\u00f3n del mundo. Aunque no pudo estar presente por estar cumpliendo compromiso en Suiza, estuvo bien  representado por Pr\u00edamo Jos\u00e9 Fern\u00e1ndez, quien forma parte de la legi\u00f3n de deportistas que ocupan un nicho en el Pabell\u00f3n de la Fama del Deporte Dominicano.<\/p>\n<\/p>\n<p><strong>Justo reconocimiento<\/strong><\/p>\n<\/p>\n<p>Un reconocimiento tambi\u00e9n mereci\u00f3 Vinicio \u00f1Guini- Santana, otro inmortal que fue llevado a la eternidad deportiva en el primer ceremonial en 1966 y desde entonces, siempre ha estado presente en cada una de las galas donde se reciben a nuevos inmortales.<\/p>\n<\/p>\n<p>M\u00e1s de medio centenar de inmortales ya instalados, estuvieron presentes para recibir a los nuevos ingresados.<\/p>\n<\/p>\n<p>Mois\u00e9s fue acompa\u00f1ado por Pablo Neftal\u00ed Cruz y exactamente a las 12:08 de la tarde fue investido como inmortal, mientras que Dur\u00e1n tuvo como edec\u00e1n a Carlos Ram\u00edrez Cabrera y siendo las 12:15 de la tarde de ayer, recib\u00eda los s\u00edmbolos, sortija y bot\u00f3n que la hace parte de la exclusiva clase de inmortales dominicanos; Hern\u00e1ndez fue escoltada por Germ\u00e1n Despradel hijo y a las 12:22 de la tarde, henchida de emoci\u00f3n recib\u00eda los honores.<\/p>\n<\/p>\n<p>En el mismo orden entr\u00f3 Mart\u00ednez, escoltado por Eleodoro Arias. Su hermano Pedro Mart\u00ednez, quien ser\u00eda su edec\u00e1n no pudo asistir por estar cumpliendo compromisos profesionales; Polanco un softbolista que a\u00fan se mantiene activo, ahora como t\u00e9cnico del equipo nacional, entr\u00f3 franqueado por Garibaldi Bautista; el doctor Puello hizo su entrada con Luis Mej\u00eda como edec\u00e1n. Fue recibido con un prolongado aplauso y toda la concurrencia de pie. Finalmente lleg\u00f3 el turno de Tejeda, quien escoltado por H\u00e9ctor Monegro, cerr\u00f3 el desfile de celebridades que ayer entraron al privilegiado sitial deportivo donde s\u00f3lo entran los meritorios deportistas y ejemplares ciudadanos.<\/p>\n<\/p>\n<p>Julio Mon Nadal dio la bienvenida a los nuevos inmortales, mientras que el periodista Rub\u00e9n de Lara dijo el mensaje de la prensa deportiva. C\u00e9sar Medina dijo el poema a los inmortales.<\/p>\n<p><strong> <\/strong><\/p>\n<p><strong>Ceremonial 2015<\/strong><\/p>\n<\/p>\n<p>Al t\u00e9rmino del acto fue anunciado el licenciado Gonzalo Mej\u00eda, como presidente del ceremonial de 2015, que tendr\u00e1 lugar el tercer domingo del mes de octubre del pr\u00f3ximo a\u00f1o.<\/p>\n<\/p>\n<p>El acto fue conducido desde los p\u00f3dium Fidencio Garris y Freddy Mondes\u00ed por Yancen Pujols y Jos\u00e9 Antonio Mena.<\/p>\n<\/p>\n<p>Entre las personalidades que estuvieron presentes figuran el embajador de Estados Unidos en el pa\u00eds, se\u00f1or James (Wally) Brewster, el nuncio apost\u00f3lico Jude Thadeus Okolo, el ministro de Deportes, Jaime David Fern\u00e1ndez Mirabal, el vice ministro Soterio Ram\u00edrez: el ministro de Cultura Jos\u00e9 Antonio Rodr\u00edguez; Juan Francisco Puello Herrera, Comisionado de B\u00e9isbol del Caribe; Felipe Payano y Cuqui Torres, ex Secretarios de Deportes; Roberto Weill, presidente del Sal\u00f3n de la Fama del B\u00e9isbol Latino; Milagros Ortiz Bosh, Eric Yermenos, presidente del Pabell\u00f3n de la Fama de San Pedro de Macor\u00eds; Jos\u00e9 M\u00e1rmol, vicepresidente de Comunicaciones del Banco Popular; Marcial Najri y Jos\u00e9 Miguel Bonetti, ambos ejecutivos del Escogido Baseball Club y Quilvio Hern\u00e1ndez, presidente de las \u00c1guilas Cibae\u00f1as.<\/p>\n<h6> 2014-10-20 11:30:19 <\/h6>\n<p><!--\n<link rel=\"stylesheet\" href=\"css\/bootstrap.min.css\">\n\n\n<ul class=\"pagination\">\n\t    \n\t\n\n<li >\n\t<a href='?page_no=16290'>Previous<\/a>\n\t<\/li>\n\n\n       \n    \n\n<li><a href='?page_no=1'>1<\/a><\/li>\n\n\n\n<li><a href='?page_no=2'>2<\/a><\/li>\n\n\n\n<li><a>...<\/a><\/li>\n\n\n\n<li><a href='?page_no=16289'>16289<\/a><\/li>\n\n\n\n<li><a href='?page_no=16290'>16290<\/a><\/li>\n\n\n\n<li class='active'><a>16291<\/a><\/li>\n\n\n\n<li><a href='?page_no=16292'>16292<\/a><\/li>\n\n\n\n<li><a href='?page_no=16293'>16293<\/a><\/li>\n\n\n\n<li><a>...<\/a><\/li>\n\n\n\n<li><a href='?page_no=36618'>36618<\/a><\/li>\n\n\n\n<li><a href='?page_no=36619'>36619<\/a><\/li>\n\n    \n\t\n\n<li >\n\t<a href='?page_no=16292'>Next<\/a>\n\t<\/li>\n\n\n    \n\n<li><a href='?page_no=36619'>Last &rsaquo;&rsaquo;<\/a><\/li>\n\n<\/ul>\n\n\n--><br \/>\n<\/body><\/p>\n","protected":false},"excerpt":{"rendered":"<p>Santo Domingo RD 20 octubre.- Todo comenz\u00f3 con el tradicional ritual de instalaci\u00f3n del Comit\u00e9 Permanente encabezado por el doctor Luis Sheker Ortiz y el doctor Carlos Lamarche Rey, El Orfe\u00f3n de Santiago interpret\u00f3 los himnos nacional y del Pabell\u00f3n de la Fama. El nuncio apost\u00f3lico Jude Thadeus Okolo, hizo la invocaci\u00f3n, seguido del despliegue [&hellip;]<\/p>\n","protected":false},"author":3,"featured_media":0,"comment_status":"open","ping_status":"open","sticky":false,"template":"","format":"standard","meta":{"footnotes":""},"categories":[17],"tags":[],"class_list":["post-199827","post","type-post","status-publish","format-standard","hentry","category-deportes"],"_links":{"self":[{"href":"https:\/\/diariodominicano.com\/index.php?rest_route=\/wp\/v2\/posts\/199827","targetHints":{"allow":["GET"]}}],"collection":[{"href":"https:\/\/diariodominicano.com\/index.php?rest_route=\/wp\/v2\/posts"}],"about":[{"href":"https:\/\/diariodominicano.com\/index.php?rest_route=\/wp\/v2\/types\/post"}],"author":[{"embeddable":true,"href":"https:\/\/diariodominicano.com\/index.php?rest_route=\/wp\/v2\/users\/3"}],"replies":[{"embeddable":true,"href":"https:\/\/diariodominicano.com\/index.php?rest_route=%2Fwp%2Fv2%2Fcomments&post=199827"}],"version-history":[{"count":0,"href":"https:\/\/diariodominicano.com\/index.php?rest_route=\/wp\/v2\/posts\/199827\/revisions"}],"wp:attachment":[{"href":"https:\/\/diariodominicano.com\/index.php?rest_route=%2Fwp%2Fv2%2Fmedia&parent=199827"}],"wp:term":[{"taxonomy":"category","embeddable":true,"href":"https:\/\/diariodominicano.com\/index.php?rest_route=%2Fwp%2Fv2%2Fcategories&post=199827"},{"taxonomy":"post_tag","embeddable":true,"href":"https:\/\/diariodominicano.com\/index.php?rest_route=%2Fwp%2Fv2%2Ftags&post=199827"}],"curies":[{"name":"wp","href":"https:\/\/api.w.org\/{rel}","templated":true}]}}