{"id":199823,"date":"2014-10-20T11:54:54","date_gmt":"2014-10-20T11:54:54","guid":{"rendered":"http:\/\/diariodominicano.ddns.net\/?p=199823"},"modified":"2014-10-20T11:54:54","modified_gmt":"2014-10-20T11:54:54","slug":"rd-se-corona-campeon-torneo-abierto-karate-ana-villanueva-ganadora-de-medalla-de-oro","status":"publish","type":"post","link":"https:\/\/diariodominicano.com\/?p=199823","title":{"rendered":"RD se corona campe\u00f3n torneo abierto karate; Ana Villanueva ganadora de medalla de oro &#13;"},"content":{"rendered":"<p><body><\/p>\n<p><img decoding=\"async\" src=\"img3\/karate 20.jpeg\" \/>  <\/p>\n<p>Santo Domingo RD 20 octubre.- La Rep\u00fablica Dominicana se alz\u00f3 con el trofeo de primer lugar del Campeonato Abierto de Karate que concluy\u00f3 este s\u00e1bado en Curazao.<\/p>\n<\/p>\n<p>Para quedarse con los m\u00e1ximos honores de la justa, el seleccionado quisqueyano termin\u00f3 con 11 medallas de oro y cuatro de plata.<\/p>\n<\/p>\n<p>En el evento participaron atletas de Argentina, Puerto Rico, Bonaire, Curazao, Surinam, Aruba, Trinidad y Tobago, Martinica y El Salvador.<\/p>\n<\/p>\n<p>Ariel P\u00e9rez super\u00f3 5-0 al salvadore\u00f1o William Serrano en la prueba de kata, mientras que en kumite (pelea) en los 50 kilos, Ana Villanueva derrot\u00f3 6-0 a la argentina Yamila Ben\u00edtez.<\/p>\n<\/p>\n<p>En los 61 kilos, Karina D\u00edaz derrot\u00f3 7-0 a Rital Cancel, de Per\u00fa; Carmen Harrigan se impuso 8-0 sobre Kia San Siverie, de Bonaire, en tanto que en la categor\u00eda open, Ana Villanueva gan\u00f3 por no presentaci\u00f3n la tambi\u00e9n dominicana Carmen Harrigan.<\/p>\n<\/p>\n<p>En masculino, los medallistas de oro fueron Deibis Ferreras, en los 67 kilos, quien venci\u00f3 4-2 a Tosh Van Dij, de Surinam, mientras que los 75 kilos, Dionisio Gustavo le gan\u00f3 8-0 a Jean Claude Over- man, de Curazao. Anel Castillo super\u00f3 3-1 al salvadore\u00f1o Willian Serrano en la categor\u00eda m\u00e1s 84 kilos. Norberto Sosa, en open, obtuvo el oro por no presentaci\u00f3n del tambi\u00e9n quisqueyano Jorge P\u00e9rez.<\/p>\n<\/p>\n<p>Los medallistas de plata fueron Leidy Le\u00f3n, quien perdi\u00f3 5-7 en la final ante Guiliana Nova, de Argentina; Norberto Sosa fue derrota 4-5 por Francisco Nievas.<\/p>\n<\/p>\n<p>Tambi\u00e9n se quedaron con preseas plateadas, Carmen Harrigan y Jorge P\u00e9rez en la categor\u00eda open.<\/p>\n<h6> 2014-10-20 11:54:54 <\/h6>\n<p><!--\n<link rel=\"stylesheet\" href=\"css\/bootstrap.min.css\">\n\n\n<ul class=\"pagination\">\n\t    \n\t\n\n<li >\n\t<a href='?page_no=16287'>Previous<\/a>\n\t<\/li>\n\n\n       \n    \n\n<li><a href='?page_no=1'>1<\/a><\/li>\n\n\n\n<li><a href='?page_no=2'>2<\/a><\/li>\n\n\n\n<li><a>...<\/a><\/li>\n\n\n\n<li><a href='?page_no=16286'>16286<\/a><\/li>\n\n\n\n<li><a href='?page_no=16287'>16287<\/a><\/li>\n\n\n\n<li class='active'><a>16288<\/a><\/li>\n\n\n\n<li><a href='?page_no=16289'>16289<\/a><\/li>\n\n\n\n<li><a href='?page_no=16290'>16290<\/a><\/li>\n\n\n\n<li><a>...<\/a><\/li>\n\n\n\n<li><a href='?page_no=36618'>36618<\/a><\/li>\n\n\n\n<li><a href='?page_no=36619'>36619<\/a><\/li>\n\n    \n\t\n\n<li >\n\t<a href='?page_no=16289'>Next<\/a>\n\t<\/li>\n\n\n    \n\n<li><a href='?page_no=36619'>Last &rsaquo;&rsaquo;<\/a><\/li>\n\n<\/ul>\n\n\n--><br \/>\n<\/body><\/p>\n","protected":false},"excerpt":{"rendered":"<p>Santo Domingo RD 20 octubre.- La Rep\u00fablica Dominicana se alz\u00f3 con el trofeo de primer lugar del Campeonato Abierto de Karate que concluy\u00f3 este s\u00e1bado en Curazao. Para quedarse con los m\u00e1ximos honores de la justa, el seleccionado quisqueyano termin\u00f3 con 11 medallas de oro y cuatro de plata. En el evento participaron atletas de [&hellip;]<\/p>\n","protected":false},"author":3,"featured_media":0,"comment_status":"open","ping_status":"open","sticky":false,"template":"","format":"standard","meta":{"footnotes":""},"categories":[17],"tags":[],"class_list":["post-199823","post","type-post","status-publish","format-standard","hentry","category-deportes"],"_links":{"self":[{"href":"https:\/\/diariodominicano.com\/index.php?rest_route=\/wp\/v2\/posts\/199823","targetHints":{"allow":["GET"]}}],"collection":[{"href":"https:\/\/diariodominicano.com\/index.php?rest_route=\/wp\/v2\/posts"}],"about":[{"href":"https:\/\/diariodominicano.com\/index.php?rest_route=\/wp\/v2\/types\/post"}],"author":[{"embeddable":true,"href":"https:\/\/diariodominicano.com\/index.php?rest_route=\/wp\/v2\/users\/3"}],"replies":[{"embeddable":true,"href":"https:\/\/diariodominicano.com\/index.php?rest_route=%2Fwp%2Fv2%2Fcomments&post=199823"}],"version-history":[{"count":0,"href":"https:\/\/diariodominicano.com\/index.php?rest_route=\/wp\/v2\/posts\/199823\/revisions"}],"wp:attachment":[{"href":"https:\/\/diariodominicano.com\/index.php?rest_route=%2Fwp%2Fv2%2Fmedia&parent=199823"}],"wp:term":[{"taxonomy":"category","embeddable":true,"href":"https:\/\/diariodominicano.com\/index.php?rest_route=%2Fwp%2Fv2%2Fcategories&post=199823"},{"taxonomy":"post_tag","embeddable":true,"href":"https:\/\/diariodominicano.com\/index.php?rest_route=%2Fwp%2Fv2%2Ftags&post=199823"}],"curies":[{"name":"wp","href":"https:\/\/api.w.org\/{rel}","templated":true}]}}