{"id":199821,"date":"2014-10-20T20:11:01","date_gmt":"2014-10-20T20:11:01","guid":{"rendered":"http:\/\/diariodominicano.ddns.net\/?p=199821"},"modified":"2014-10-20T20:11:01","modified_gmt":"2014-10-20T20:11:01","slug":"presidente-felicita-a-deportistas-exaltados-al-pabellon-del-deporte-dominicano","status":"publish","type":"post","link":"https:\/\/diariodominicano.com\/?p=199821","title":{"rendered":"Presidente felicita a deportistas exaltados al Pabell\u00f3n del Deporte Dominicano"},"content":{"rendered":"<p><body><\/p>\n<p><span class=\"text1noticias\">Santo Domingo, RD, 20 de octubre.-El presidente Danilo Medina felicit\u00f3, mediante cartas, a los deportistas que fueron exaltados al Pabell\u00f3n de la Fama del Deporte Dominicano y resalt\u00f3 la trayectoria de cada uno, de quienes dijo, se han constituido en ejemplos para las nuevas generaciones.<\/span><\/p>\n<p><span class=\"text1noticias\"> <\/span><\/p>\n<p><span class=\"text1noticias\"><strong>Jos\u00e9 Joaqu\u00edn Puello Herrera<\/strong><\/span><\/p>\n<\/p>\n<p><span class=\"text1noticias\">En ese sentido, al dirigirse al doctor Jos\u00e9 Joaqu\u00edn Puello Herrera, exaltado en la categor\u00eda Propulsor, el Jefe de Estado le refiri\u00f3 que ese merecido reconocimiento debe producir en \u00e9l y en su familia una gran satisfacci\u00f3n.<\/span><\/p>\n<p><span class=\"text1noticias\"> <\/span><\/p>\n<p><span class=\"text1noticias\">\u00abAl igual que entre los que nos consideramos sus amigos, por los esfuerzos que durante muchos a\u00f1os ha dedicado al desarrollo de las actividades deportivas en el pa\u00eds y por su preocupaci\u00f3n constante en favor de que nuestros deportistas tengan participaci\u00f3n destacada en las competencias internacionales a las que acudimos\u00bb.<\/span><\/p>\n<p><span class=\"text1noticias\"> <\/span><\/p>\n<p><span class=\"text1noticias\"><strong>Mois\u00e9s Alou<\/strong><\/span><\/p>\n<\/p>\n<p><span class=\"text1noticias\">Al dirigirse a Mois\u00e9s Alou, distinguido en la categor\u00eda B\u00e9isbol, Danilo Medina le expres\u00f3 que \u00abcon este reconocimiento queda inmortalizada su trayectoria en el b\u00e9isbol nacional, actividad deportiva que se suma a su actuaci\u00f3n sobresaliente en el b\u00e9isbol de Grandes Ligas, con la que usted ha proporcionado tantas emociones a la fanaticada y llenado de alegr\u00eda a toda la ciudadan\u00eda que le admira\u00bb.<\/span><\/p>\n<p><span class=\"text1noticias\"> <\/span><\/p>\n<p><span class=\"text1noticias\"><strong>Ram\u00f3n Mart\u00ednez<\/strong><\/span><\/p>\n<\/p>\n<p><span class=\"text1noticias\">Tambi\u00e9n, el jefe de Estado manifest\u00f3 a Ram\u00f3n Mart\u00ednez, enaltecido en la categor\u00eda B\u00e9isbol, que conf\u00eda en que esta distinci\u00f3n ser\u00e1 un eslab\u00f3n m\u00e1s \u00aben su cadena de \u00e9xitos en la vida y contribuya a continuar proyect\u00e1ndole como un ejemplo para las nuevas generaciones\u00bb.<\/span><\/p>\n<p><span class=\"text1noticias\"><strong> <\/strong><\/span><\/p>\n<p><span class=\"text1noticias\"><strong>Teresa Dur\u00e1n<\/strong><\/span><\/p>\n<\/p>\n<p><span class=\"text1noticias\">El Presidente de la Rep\u00fablica tambi\u00e9n comunic\u00f3 a Teresa Dur\u00e1n, honrada en la categor\u00eda Baloncesto, su confianza en que al ascender al Pabell\u00f3n de la Fama del Deporte Dominicano, continuar\u00e1 cosechando \u00e9xitos.<\/span><\/p>\n<p><span class=\"text1noticias\"> <\/span><\/p>\n<p><span class=\"text1noticias\"><strong>Alejandro Tejeda<\/strong><\/span><\/p>\n<\/p>\n<p><span class=\"text1noticias\">El gobernante envi\u00f3 un mensaje de congratulaciones al atleta Alejandro Tejeda, quien fue exaltado en la categor\u00eda Baloncesto, a quien dijo que con este reconocimiento queda inmortalizada su trayectoria en esa disciplina deportiva en la Rep\u00fablica Dominicana.<\/span><\/p>\n<p><span class=\"text1noticias\"> <\/span><\/p>\n<p><span class=\"text1noticias\"><strong>Josu\u00e9 Polanco<\/strong><\/span><\/p>\n<\/p>\n<p><span class=\"text1noticias\">A Josu\u00e9 Polanco, reconocido en la categor\u00eda de Softbol, el Presidente le expres\u00f3 sus parabienes y lo exhort\u00f3 a seguir adelante, confiando en que con su distinci\u00f3n seguir\u00e1 forjando un camino de \u00e9xitos ejemplares para las nuevas generaciones.<\/span><\/p>\n<p><span class=\"text1noticias\"><strong> <\/strong><\/span><\/p>\n<p><span class=\"text1noticias\"><strong>Andrea Hern\u00e1ndez<\/strong><\/span><\/p>\n<\/p>\n<p><span class=\"text1noticias\">El presidente Danilo Medina tambi\u00e9n felicit\u00f3 a Andrea Hern\u00e1ndez, quien recibiera la importante distinci\u00f3n que la consagra de por vida, en la  categor\u00eda de Judo.<\/span><\/p>\n<p><span class=\"text1noticias\"> <\/span><\/p>\n<p><span class=\"text1noticias\">La premiaci\u00f3n fue concedida durante el 48 Ceremonial celebrado en la ma\u00f1ana de ayer domingo.(HG)<\/span>.<\/p>\n<h6> 2014-10-20 20:11:01 <\/h6>\n<p><!--\n<link rel=\"stylesheet\" href=\"css\/bootstrap.min.css\">\n\n\n<ul class=\"pagination\">\n\t    \n\t\n\n<li >\n\t<a href='?page_no=16285'>Previous<\/a>\n\t<\/li>\n\n\n       \n    \n\n<li><a href='?page_no=1'>1<\/a><\/li>\n\n\n\n<li><a href='?page_no=2'>2<\/a><\/li>\n\n\n\n<li><a>...<\/a><\/li>\n\n\n\n<li><a href='?page_no=16284'>16284<\/a><\/li>\n\n\n\n<li><a href='?page_no=16285'>16285<\/a><\/li>\n\n\n\n<li class='active'><a>16286<\/a><\/li>\n\n\n\n<li><a href='?page_no=16287'>16287<\/a><\/li>\n\n\n\n<li><a href='?page_no=16288'>16288<\/a><\/li>\n\n\n\n<li><a>...<\/a><\/li>\n\n\n\n<li><a href='?page_no=36618'>36618<\/a><\/li>\n\n\n\n<li><a href='?page_no=36619'>36619<\/a><\/li>\n\n    \n\t\n\n<li >\n\t<a href='?page_no=16287'>Next<\/a>\n\t<\/li>\n\n\n    \n\n<li><a href='?page_no=36619'>Last &rsaquo;&rsaquo;<\/a><\/li>\n\n<\/ul>\n\n\n--><br \/>\n<\/body><\/p>\n","protected":false},"excerpt":{"rendered":"<p>Santo Domingo, RD, 20 de octubre.-El presidente Danilo Medina felicit\u00f3, mediante cartas, a los deportistas que fueron exaltados al Pabell\u00f3n de la Fama del Deporte Dominicano y resalt\u00f3 la trayectoria de cada uno, de quienes dijo, se han constituido en ejemplos para las nuevas generaciones. Jos\u00e9 Joaqu\u00edn Puello Herrera En ese sentido, al dirigirse al [&hellip;]<\/p>\n","protected":false},"author":3,"featured_media":0,"comment_status":"open","ping_status":"open","sticky":false,"template":"","format":"standard","meta":{"footnotes":""},"categories":[17],"tags":[],"class_list":["post-199821","post","type-post","status-publish","format-standard","hentry","category-deportes"],"_links":{"self":[{"href":"https:\/\/diariodominicano.com\/index.php?rest_route=\/wp\/v2\/posts\/199821","targetHints":{"allow":["GET"]}}],"collection":[{"href":"https:\/\/diariodominicano.com\/index.php?rest_route=\/wp\/v2\/posts"}],"about":[{"href":"https:\/\/diariodominicano.com\/index.php?rest_route=\/wp\/v2\/types\/post"}],"author":[{"embeddable":true,"href":"https:\/\/diariodominicano.com\/index.php?rest_route=\/wp\/v2\/users\/3"}],"replies":[{"embeddable":true,"href":"https:\/\/diariodominicano.com\/index.php?rest_route=%2Fwp%2Fv2%2Fcomments&post=199821"}],"version-history":[{"count":0,"href":"https:\/\/diariodominicano.com\/index.php?rest_route=\/wp\/v2\/posts\/199821\/revisions"}],"wp:attachment":[{"href":"https:\/\/diariodominicano.com\/index.php?rest_route=%2Fwp%2Fv2%2Fmedia&parent=199821"}],"wp:term":[{"taxonomy":"category","embeddable":true,"href":"https:\/\/diariodominicano.com\/index.php?rest_route=%2Fwp%2Fv2%2Fcategories&post=199821"},{"taxonomy":"post_tag","embeddable":true,"href":"https:\/\/diariodominicano.com\/index.php?rest_route=%2Fwp%2Fv2%2Ftags&post=199821"}],"curies":[{"name":"wp","href":"https:\/\/api.w.org\/{rel}","templated":true}]}}