{"id":199817,"date":"2014-10-20T22:47:05","date_gmt":"2014-10-20T22:47:05","guid":{"rendered":"http:\/\/diariodominicano.ddns.net\/?p=199817"},"modified":"2014-10-20T22:47:05","modified_gmt":"2014-10-20T22:47:05","slug":"remozaran-polideportivo-de-santiago-rodriguez-con-miras-al-torneo-superior","status":"publish","type":"post","link":"https:\/\/diariodominicano.com\/?p=199817","title":{"rendered":"Remozar\u00e1n Polideportivo de Santiago Rodr\u00edguez con miras  al torneo superior"},"content":{"rendered":"<p><body><\/p>\n<p><img decoding=\"async\" src=\"img3\/Saint.jpg\" \/>  <\/p>\n<p><span class=\"text1noticias\">Santiago Rodr\u00edguez, RD, 20 de Octubre.-El Ministerio de Deportes aprob\u00f3 el reacondicionamiento del Polideportivo de Santiago Rodr\u00edguez, Jos\u00e9-Chachito-Carrasco, con miras a la inauguraci\u00f3n del XIV Torneo de baloncesto Superior de esa localidad, dedicado al ministro Administrativo de la presidencia, licenciado Jos\u00e9 Ram\u00f3n Peralta.<\/span><\/p>\n<\/p>\n<p><span class=\"text1noticias\">As\u00ed lo anunci\u00f3 C\u00e9sar Saint Hilaire Saint Hilaire, presidente del Comit\u00e9 Organizador y vicepresidente de la Federaci\u00f3n Dominicana de Baloncesto.<\/span><\/p>\n<\/p>\n<p><span class=\"text1noticias\">Record\u00f3 que la instalaci\u00f3n deportiva hab\u00eda sido inaugurada en el a\u00f1o 2008 y que desde entonces no hab\u00eda sido remodelada.<\/span><\/p>\n<\/p>\n<p><span class=\"text1noticias\">Saint Hialire adelant\u00f3 que todo esto es por instrucciones del ministro de Deportes, doctor Jaime David Fern\u00e1ndez Mirabal.<\/span><\/p>\n<\/p>\n<p><span class=\"text1noticias\">Dijo que los trabajos incluyen pintura, tabloncillo, iluminaci\u00f3n, ba\u00f1os, adem\u00e1s de la construcci\u00f3n de una cancha en el parqueo con luz y canchas de voleibol, basket y f\u00fatbol sala.<\/span><\/p>\n<\/p>\n<p><span class=\"text1noticias\">Agradeci\u00f3 el gesto de haber sido designado como presidente del Comit\u00e9 Organizador y anunci\u00f3 que adem\u00e1s del remozamiento de la obra, el ministro autoriz\u00f3 la entrega de un aporte econ\u00f3mico para el evento.(HG)<\/span>.<\/p>\n<h6> 2014-10-20 22:47:05 <\/h6>\n<p><!--\n<link rel=\"stylesheet\" href=\"css\/bootstrap.min.css\">\n\n\n<ul class=\"pagination\">\n\t    \n\t\n\n<li >\n\t<a href='?page_no=16281'>Previous<\/a>\n\t<\/li>\n\n\n       \n    \n\n<li><a href='?page_no=1'>1<\/a><\/li>\n\n\n\n<li><a href='?page_no=2'>2<\/a><\/li>\n\n\n\n<li><a>...<\/a><\/li>\n\n\n\n<li><a href='?page_no=16280'>16280<\/a><\/li>\n\n\n\n<li><a href='?page_no=16281'>16281<\/a><\/li>\n\n\n\n<li class='active'><a>16282<\/a><\/li>\n\n\n\n<li><a href='?page_no=16283'>16283<\/a><\/li>\n\n\n\n<li><a href='?page_no=16284'>16284<\/a><\/li>\n\n\n\n<li><a>...<\/a><\/li>\n\n\n\n<li><a href='?page_no=36618'>36618<\/a><\/li>\n\n\n\n<li><a href='?page_no=36619'>36619<\/a><\/li>\n\n    \n\t\n\n<li >\n\t<a href='?page_no=16283'>Next<\/a>\n\t<\/li>\n\n\n    \n\n<li><a href='?page_no=36619'>Last &rsaquo;&rsaquo;<\/a><\/li>\n\n<\/ul>\n\n\n--><br \/>\n<\/body><\/p>\n","protected":false},"excerpt":{"rendered":"<p>Santiago Rodr\u00edguez, RD, 20 de Octubre.-El Ministerio de Deportes aprob\u00f3 el reacondicionamiento del Polideportivo de Santiago Rodr\u00edguez, Jos\u00e9-Chachito-Carrasco, con miras a la inauguraci\u00f3n del XIV Torneo de baloncesto Superior de esa localidad, dedicado al ministro Administrativo de la presidencia, licenciado Jos\u00e9 Ram\u00f3n Peralta. As\u00ed lo anunci\u00f3 C\u00e9sar Saint Hilaire Saint Hilaire, presidente del Comit\u00e9 Organizador [&hellip;]<\/p>\n","protected":false},"author":3,"featured_media":0,"comment_status":"open","ping_status":"open","sticky":false,"template":"","format":"standard","meta":{"footnotes":""},"categories":[17],"tags":[],"class_list":["post-199817","post","type-post","status-publish","format-standard","hentry","category-deportes"],"_links":{"self":[{"href":"https:\/\/diariodominicano.com\/index.php?rest_route=\/wp\/v2\/posts\/199817","targetHints":{"allow":["GET"]}}],"collection":[{"href":"https:\/\/diariodominicano.com\/index.php?rest_route=\/wp\/v2\/posts"}],"about":[{"href":"https:\/\/diariodominicano.com\/index.php?rest_route=\/wp\/v2\/types\/post"}],"author":[{"embeddable":true,"href":"https:\/\/diariodominicano.com\/index.php?rest_route=\/wp\/v2\/users\/3"}],"replies":[{"embeddable":true,"href":"https:\/\/diariodominicano.com\/index.php?rest_route=%2Fwp%2Fv2%2Fcomments&post=199817"}],"version-history":[{"count":0,"href":"https:\/\/diariodominicano.com\/index.php?rest_route=\/wp\/v2\/posts\/199817\/revisions"}],"wp:attachment":[{"href":"https:\/\/diariodominicano.com\/index.php?rest_route=%2Fwp%2Fv2%2Fmedia&parent=199817"}],"wp:term":[{"taxonomy":"category","embeddable":true,"href":"https:\/\/diariodominicano.com\/index.php?rest_route=%2Fwp%2Fv2%2Fcategories&post=199817"},{"taxonomy":"post_tag","embeddable":true,"href":"https:\/\/diariodominicano.com\/index.php?rest_route=%2Fwp%2Fv2%2Ftags&post=199817"}],"curies":[{"name":"wp","href":"https:\/\/api.w.org\/{rel}","templated":true}]}}