{"id":199810,"date":"2014-10-21T17:39:33","date_gmt":"2014-10-21T17:39:33","guid":{"rendered":"http:\/\/diariodominicano.ddns.net\/?p=199810"},"modified":"2014-10-21T17:39:33","modified_gmt":"2014-10-21T17:39:33","slug":"rd-con-grandes-oportunidades-en-boxeo-en-juegos-centroamericano-y-del-caribe","status":"publish","type":"post","link":"https:\/\/diariodominicano.com\/?p=199810","title":{"rendered":"RD con grandes oportunidades en boxeo en Juegos Centroamericano y del Caribe"},"content":{"rendered":"<p><body><\/p>\n<p><img decoding=\"async\" src=\"img3\/fuerza 21.jpeg\" \/><br \/><img decoding=\"async\" src=\"img3\/duro 2.jpeg\" \/>  <\/p>\n<p>Santo Domingo RD 21 octubre.- El talento es la fortaleza; la juventud, si se convierte en inexperiencia, ser\u00eda la debilidad. \u00bfQui\u00e9n se impondr\u00e1 al final para contar las medallas dominicanas en el boxeo de los Juegos Centroamericanos y del Caribe de Veracruz 2014&#8243;<\/p>\n<\/p>\n<p>Por primera vez la Republica Dominicana tendr\u00e1 doce chances medalleros en el campeonato de boxeo de los Juegos Centroamericanos y del Caribe por celebrarse en M\u00e9xico en el pr\u00f3ximo mes.<\/p>\n<\/p>\n<p>El deporte que durante d\u00e9cadas fue el \u00abBuque Insignia\u00bb del olimpismo dominicano, tiene un gran chance de lucirse en la jornada regional que dejar\u00e1 de forma oficial abierto el ciclo ol\u00edmpico hasta el 2016, con el cierre de los Juegos Ol\u00edmpicos en R\u00edo de Janeiro, Brasil.<\/p>\n<\/p>\n<p>Juventud y talento<\/p>\n<p>El entrenador Pedro M\u00e9jico apuesta al talento, a una gran jornada del equipo nacional, pero no duda en exponer que es un seleccionado muy joven, que acaba de surgir de las categor\u00edas cadete y juvenil.<\/p>\n<\/p>\n<p>\u00abEs una mezcla rara la que se percibe en el equipo nacional dominicano, muchachos que son capaces de hacer cosas maravillosas, pero estos son unos juegos abiertos, en los que participan peleadores fuertes, con experiencia panamericana, de Juegos Ol\u00edmpicos e incluso.<\/p>\n<\/p>\n<p>\u00abSi la juventud no se le convierte en inexperiencia, entonces ellos har\u00e1n un trabajo hist\u00f3rico porque talento le sobra a todos, pero es lo \u00fanico que tendremos que probar, si esta juventud responde positivo los frutos ser\u00e1n  mayores\u00bb, considera.<\/p>\n<\/p>\n<p>El equipo por dentro<\/p>\n<p>Los doce peleadores dominicanos tuvieron que asistir a dos de los tres torneos eliminatorios para conseguir su ticket para Veracruz 2014.<\/p>\n<\/p>\n<p>\u00abLa clasificaci\u00f3n nos da un panorama muy favorable para estos j\u00f3venes, por primera vez la Republica Dominicana va con esta cantidad de boxeadores a unos Juegos Centroamericanos y del Caribe y la cantidad se convierte en igual n\u00famero de chances para medallas\u00bb, dice el entrenador, quien en otras ocasiones ha estado en grandes jornadas del boxeo dominicano.<\/p>\n<\/p>\n<p>Enumer\u00f3 que en la versi\u00f3n masculina de los Juegos  de Veracruz, el pa\u00eds lleva representaci\u00f3n en 10 de las 11 divisiones, como se detalla a continuaci\u00f3n:<\/p>\n<\/p>\n<p>49 KGS. LEONEL SANTOS N\u00da\u00d1EZ: De la barriada de Los Mina, cursa el primero del bachillerato en la Escuela Nuestra Se\u00f1ora de la Alta Gracia. Logr\u00f3 medalla de oro en el Primer Torneo Clasificatorio para los Juegos Centroamericanos y del Caribe de Veracruz 2014. Experiencia: Gan\u00f3 la presea de plata en el Campeonato Continental \u00c9lite en Chile, 2013; sub-campe\u00f3n de los Juegos Bolivarianos, en Per\u00fa, 2014; oro Batalla de Carabobo, 2014. Es el mayor de tres hermanos.   <\/p>\n<\/p>\n<p>52 KGS. GERARDO VALDEZ P\u00c9REZ: Nativo de San Juan de la Maguana, estudia en la escuela Hermanas Mirabal, cursa el s\u00e9ptimo grado; clasific\u00f3 a Veracruz 2014 con medalla de bronce. Experiencia: Fue sub-campe\u00f3n en el Campeonato Continental \u00c9lite, en Chile; campe\u00f3n en la Batalla de Carabobo, 2013; y ganador de medalla de bronce en los Juegos Bolivarianos, en Per\u00fa, 2014. Tiene 3 hermanos. <\/p>\n<\/p>\n<p>56 KGS. H\u00c9CTOR LUIS GARC\u00cdA MORA: Sanjuanero, 22 a\u00f1os, cursa el segundo del bachillerato en el Liceo Uni\u00f3n Panamericana. Experiencia: Ganador de medalla de oro en los Juegos Bolivarianos, en Per\u00fa; oro en el Festival Ol\u00edmpico Panamericano, M\u00e9xico; oro en la primera clasificatoria, en M\u00e9xico. Tiene 9 hermanos. <\/p>\n<\/p>\n<p>60 KGS. SPARKINSON S. ALMONTE CASTILLO: Nativo de San Crist\u00f3bal, cumpli\u00f3 19 a\u00f1os a finales de  septiembre, cursa \u00faltimo a\u00f1o del bachillerato en la escuela Hermanas Mirabal. Experiencia: Campe\u00f3n en los torneos continentales infantil y juvenil, en Ecuador; plata en la Copa Romana 2013 y plata en la primera clasificatoria en M\u00e9xico. Tiene ocho hermanos, entre los cuales se cuenta la campeona del mundo Katy Pamela Wilson. <\/p>\n<\/p>\n<p>64 KGS. CARLOS ADAMES: De El\u00edas Pi\u00f1a, llamado el Caballo por su consistencia y resultados internacionales; cursa el octavo curso; gan\u00f3 medalla de bronce en la primera clasificatoria, en M\u00e9xico. Experiencia: Lleg\u00f3 hasta la ronda semifinal en el Mundial Juvenil de 2012, en Armenia; y hasta los cuartos de finales en el Mundial de Kazajist\u00e1n. Es el \u00fanico peleador dominicano en la actualidad que participa en la Liga Mundial de Boxeo del AIBA, en la cual tiene un r\u00e9cord positivo de 5-3. Viene de una familia de 11 hijos.<\/p>\n<\/p>\n<p>69 KGS. ALBERTO PUELLO CALDERON: Naci\u00f3 en San Juan de la Maguana, cursa el primero del bachillerato en la escuela Hermanas Mirabal; tom\u00f3 un \u00abbey\u00bb en la Primera Clasificatoria, en M\u00e9xico. Experiencia: Oro en la Batalla de San Juan, en Per\u00fa; oro en el Festival Ol\u00edmpico Panamericano, en M\u00e9xico; y plata en la Copa Independencia Nacional.  <\/p>\n<\/p>\n<p>75 KGS. RA\u00daL  S\u00c1NCHEZ: Nativo de Mao, Valverde, 21 a\u00f1os, s\u00e9ptimo cuatrimestre de ingenier\u00eda de sistema en la O&amp;amp;M. Experiencia: Medallista de oro en el Torneo Continental Juvenil, en Ecuador; obtuvo medalla de plata en la segunda clasificatoria en Colombia. Tiene una hermana.<\/p>\n<\/p>\n<p>81 KGS. LUIS ALFREDO RAM\u00cdREZ: Vive en Sabana Perdida, tiene 25 a\u00f1os, cursa el s\u00e9ptimo curso en el colegio Ure\u00f1a, en Los Mina; chata de bronce en la segunda clasificatoria, en Colombia. Campe\u00f3n en los Juegos Militares 2014; gan\u00f3 bronce en la Copa Pac\u00edfico, en Ecuador, y plata en un choque en Trinidad y Tobago. Es parte de una familia de 5 hermanos. <\/p>\n<\/p>\n<p>91 KGS. JOAQU\u00cdN BERROA LUGO: De Quita Sue\u00f1o, Haina, cursa el primero del bachillerato en el Liceo Mart\u00edn L\u00f3pez, de ese sector. Cumpli\u00f3 19 a\u00f1os. Experiencia: Gan\u00f3 medallas de oro en los 81 kilos en los torneos Continental Infantil y Continental Juvenil efectuados en Ecuador; en el Campeonato Mundial Juvenil de Kazajist\u00e1n avanz\u00f3 hasta los cuartos de final; oro en la Copa Romana 2013. Tiene 3 hermanos y fue medallista de bronce en la primera clasificatoria, en M\u00e9xico. <\/p>\n<\/p>\n<p>+91 MANUEL DE JES\u00daS MARI\u00f3EZ: Tiene 22 a\u00f1os y vive en el sector La Ca\u00f1ita. Experiencia: Fue sub-campe\u00f3n de los en los pasados Juegos Centroamericanos y del Caribe de Mayag\u00fcez, Puerto Rico, en 2010; medalla de bronce en la primera clasificatoria, en M\u00e9xico; y presea de plata en los Juegos Militares.   <\/p>\n<\/p>\n<p>Las damas<\/p>\n<p>El experimentado entrenador cubano, M\u00e9jico, tambi\u00e9n ponder\u00f3 el trabajo realizado en la versi\u00f3n femenina a cargo del entrenador dominicano Carlos Wilson Almonte, en la cual el pa\u00eds debutar\u00e1 en esta nueva competici\u00f3n de los Centroamericanos, con dos exponentes.<\/p>\n<\/p>\n<p>\u00abPudimos, quiz\u00e1s, ir con m\u00e1s muchachas a tierra mexicana, pero entiendo que no se debe acelerar el proceso, tengo un grupo que estar\u00e1 preparado para darle batalla a cualquier pa\u00eds del mundo, pero necesito que me aguanten, que esperen hasta mediados del 2015, digamos que hasta los Juegos Panamericanos\u00bb, revel\u00f3 Almonte. \u00abClaro, ahora vamos a ganar tambi\u00e9n por que se ha hecho un gran trabajo aqu\u00ed en el gimnasio y eso quedar\u00e1 reflejado en el ring de Veracruz\u00bb.<\/p>\n<\/p>\n<p>Record\u00f3 que el pa\u00eds lleva una campeona panamericana al ring, con experiencia, como es Yenebier Guill\u00e9n; y una joven promesa, Mirkin Sena, en el peso ligero.<\/p>\n<\/p>\n<p>75KGS. Yenebier Guill\u00e9n, Mejor Boxeadora del Continente (AIBA), Atleta del a\u00f1o en Boxeo y Boxeadora del A\u00f1o, en 2013.<\/p>\n<\/p>\n<\/p>\n<h6> 2014-10-21 17:39:33 <\/h6>\n<p><!--\n<link rel=\"stylesheet\" href=\"css\/bootstrap.min.css\">\n\n\n<ul class=\"pagination\">\n\t    \n\t\n\n<li >\n\t<a href='?page_no=16275'>Previous<\/a>\n\t<\/li>\n\n\n       \n    \n\n<li><a href='?page_no=1'>1<\/a><\/li>\n\n\n\n<li><a href='?page_no=2'>2<\/a><\/li>\n\n\n\n<li><a>...<\/a><\/li>\n\n\n\n<li><a href='?page_no=16274'>16274<\/a><\/li>\n\n\n\n<li><a href='?page_no=16275'>16275<\/a><\/li>\n\n\n\n<li class='active'><a>16276<\/a><\/li>\n\n\n\n<li><a href='?page_no=16277'>16277<\/a><\/li>\n\n\n\n<li><a href='?page_no=16278'>16278<\/a><\/li>\n\n\n\n<li><a>...<\/a><\/li>\n\n\n\n<li><a href='?page_no=36618'>36618<\/a><\/li>\n\n\n\n<li><a href='?page_no=36619'>36619<\/a><\/li>\n\n    \n\t\n\n<li >\n\t<a href='?page_no=16277'>Next<\/a>\n\t<\/li>\n\n\n    \n\n<li><a href='?page_no=36619'>Last &rsaquo;&rsaquo;<\/a><\/li>\n\n<\/ul>\n\n\n--><br \/>\n<\/body><\/p>\n","protected":false},"excerpt":{"rendered":"<p>Santo Domingo RD 21 octubre.- El talento es la fortaleza; la juventud, si se convierte en inexperiencia, ser\u00eda la debilidad. \u00bfQui\u00e9n se impondr\u00e1 al final para contar las medallas dominicanas en el boxeo de los Juegos Centroamericanos y del Caribe de Veracruz 2014&#8243; Por primera vez la Republica Dominicana tendr\u00e1 doce chances medalleros en el [&hellip;]<\/p>\n","protected":false},"author":3,"featured_media":0,"comment_status":"open","ping_status":"open","sticky":false,"template":"","format":"standard","meta":{"footnotes":""},"categories":[17],"tags":[],"class_list":["post-199810","post","type-post","status-publish","format-standard","hentry","category-deportes"],"_links":{"self":[{"href":"https:\/\/diariodominicano.com\/index.php?rest_route=\/wp\/v2\/posts\/199810","targetHints":{"allow":["GET"]}}],"collection":[{"href":"https:\/\/diariodominicano.com\/index.php?rest_route=\/wp\/v2\/posts"}],"about":[{"href":"https:\/\/diariodominicano.com\/index.php?rest_route=\/wp\/v2\/types\/post"}],"author":[{"embeddable":true,"href":"https:\/\/diariodominicano.com\/index.php?rest_route=\/wp\/v2\/users\/3"}],"replies":[{"embeddable":true,"href":"https:\/\/diariodominicano.com\/index.php?rest_route=%2Fwp%2Fv2%2Fcomments&post=199810"}],"version-history":[{"count":0,"href":"https:\/\/diariodominicano.com\/index.php?rest_route=\/wp\/v2\/posts\/199810\/revisions"}],"wp:attachment":[{"href":"https:\/\/diariodominicano.com\/index.php?rest_route=%2Fwp%2Fv2%2Fmedia&parent=199810"}],"wp:term":[{"taxonomy":"category","embeddable":true,"href":"https:\/\/diariodominicano.com\/index.php?rest_route=%2Fwp%2Fv2%2Fcategories&post=199810"},{"taxonomy":"post_tag","embeddable":true,"href":"https:\/\/diariodominicano.com\/index.php?rest_route=%2Fwp%2Fv2%2Ftags&post=199810"}],"curies":[{"name":"wp","href":"https:\/\/api.w.org\/{rel}","templated":true}]}}