{"id":199795,"date":"2014-10-22T21:17:34","date_gmt":"2014-10-22T21:17:34","guid":{"rendered":"http:\/\/diariodominicano.ddns.net\/?p=199795"},"modified":"2014-10-22T21:17:34","modified_gmt":"2014-10-22T21:17:34","slug":"peralta-anuncia-que-casi-concluye-la-construccion-del-albergue-olimpico","status":"publish","type":"post","link":"https:\/\/diariodominicano.com\/?p=199795","title":{"rendered":"Peralta anuncia que casi concluye la construcci\u00f3n del Albergue Ol\u00edmpico"},"content":{"rendered":"<p><body><\/p>\n<p><img decoding=\"async\" src=\"img3\/albergue.jpg\" \/>  <\/p>\n<p><span class=\"text1noticias\">Santo Domingo, RD, 22 de Octubre.-El ministro Administrativo de la Presidencia, licenciado Jos\u00e9 Ram\u00f3n Peralta anunci\u00f3 que en los pr\u00f3ximos d\u00edas estar\u00e1 finalizado el Albergue Ol\u00edmpico, que construye el Gobierno con una inversi\u00f3n de m\u00e1s de 96.4 millones de pesos.<\/span><\/p>\n<\/p>\n<p><span class=\"text1noticias\">Durante un recorrido de supervisi\u00f3n de los trabajos de construcci\u00f3n del centro, ubicado en los terrenos donde operaba la c\u00e1rcel Preventiva en el ensanche La Fe, Peralta dijo que el albergue ser\u00e1 un modelo en la regi\u00f3n, y se\u00f1al\u00f3 que s\u00f3lo existen similares en M\u00e9xico y Puerto Rico.<\/span><\/p>\n<\/p>\n<p><span class=\"text1noticias\">Explic\u00f3 que el Albergue Ol\u00edmpico concentrar\u00e1 a los atletas nacionales e internacionales que competir\u00e1n en diferentes disciplinas, lo que vendr\u00e1 a ahorrar recursos financieros ya que no se tendr\u00e1n que llevar a hoteles y restaurantes como acontece en la actualidad.<\/span><\/p>\n<\/p>\n<p><span class=\"text1noticias\">Dijo que actualmente se proyecta que los trabajos de construcci\u00f3n del centro finalizar\u00e1n dentro de 15 d\u00edas, por lo espera que en diciembre el presidente Danilo Medina lo dejar\u00e1 inaugurado.<\/span><\/p>\n<\/p>\n<p><span class=\"text1noticias\">Inform\u00f3 que el albergue tendr\u00e1 una capacidad para 400 atletas y posee 149 habitaciones, las est\u00e1n divididas para masculinos, femeninos y delegados, y tendr\u00e1 una cl\u00ednica, cocina industrial y comedor con capacidad para 350 personas simult\u00e1neamente.<\/span><\/p>\n<\/p>\n<p><span class=\"text1noticias\">Comunic\u00f3 que, adem\u00e1s, posee una lavander\u00eda, una cancha multiuso para siete disciplinas, un gimnasio equipado, pista de atletismo de 800 metros para calentamiento, oficinas administrativas, recepci\u00f3n y un parqueo para 50 veh\u00edculos.<\/span><\/p>\n<\/p>\n<p><span class=\"text1noticias\">El ministro Administrativo de la Presidencia estuvo acompa\u00f1ado en su recorrido por Luis\u00edn Mej\u00eda, presidente del Comit\u00e9 Ol\u00edmpico Dominicano, y Francisco del Valle, director de la Oficina de Desarrollo Provincial, entre otros.<\/span><\/p>\n<\/p>\n<p><span class=\"text1noticias\">Peralta afirm\u00f3 que los atletas se sentir\u00e1n c\u00f3modos, e incluso las habitaciones tendr\u00e1n acondicionadores de aire, y agreg\u00f3 que los j\u00f3venes albergados no tendr\u00e1n que salir a las calles a buscar nada.<\/span><\/p>\n<\/p>\n<p><span class=\"text1noticias\">Explic\u00f3 que la supervisi\u00f3n de los trabajos la realiza por disposici\u00f3n del presidente Medina porque tiene sumo inter\u00e9s de que los trabajos concluyan en la mayor brevedad posible.<\/span><\/p>\n<\/p>\n<p><span class=\"text1noticias\">Indic\u00f3 que es un gran anhelo de los atletas porque la construcci\u00f3n del albergue se inici\u00f3 en el a\u00f1o 1996, y es en los pr\u00f3ximos d\u00edas cuando tendr\u00e1n el centro.<\/span><\/p>\n<\/p>\n<p><span class=\"text1noticias\">El funcionario afirm\u00f3 que en el albergue se concentrar\u00e1n los atletas cuando tendr\u00e1n eventos nacionales o internacionales.(HG)<\/span>.<\/p>\n<h6> 2014-10-22 21:17:34 <\/h6>\n<p><!--\n<link rel=\"stylesheet\" href=\"css\/bootstrap.min.css\">\n\n\n<ul class=\"pagination\">\n\t    \n\t\n\n<li >\n\t<a href='?page_no=16261'>Previous<\/a>\n\t<\/li>\n\n\n       \n    \n\n<li><a href='?page_no=1'>1<\/a><\/li>\n\n\n\n<li><a href='?page_no=2'>2<\/a><\/li>\n\n\n\n<li><a>...<\/a><\/li>\n\n\n\n<li><a href='?page_no=16260'>16260<\/a><\/li>\n\n\n\n<li><a href='?page_no=16261'>16261<\/a><\/li>\n\n\n\n<li class='active'><a>16262<\/a><\/li>\n\n\n\n<li><a href='?page_no=16263'>16263<\/a><\/li>\n\n\n\n<li><a href='?page_no=16264'>16264<\/a><\/li>\n\n\n\n<li><a>...<\/a><\/li>\n\n\n\n<li><a href='?page_no=36618'>36618<\/a><\/li>\n\n\n\n<li><a href='?page_no=36619'>36619<\/a><\/li>\n\n    \n\t\n\n<li >\n\t<a href='?page_no=16263'>Next<\/a>\n\t<\/li>\n\n\n    \n\n<li><a href='?page_no=36619'>Last &rsaquo;&rsaquo;<\/a><\/li>\n\n<\/ul>\n\n\n--><br \/>\n<\/body><\/p>\n","protected":false},"excerpt":{"rendered":"<p>Santo Domingo, RD, 22 de Octubre.-El ministro Administrativo de la Presidencia, licenciado Jos\u00e9 Ram\u00f3n Peralta anunci\u00f3 que en los pr\u00f3ximos d\u00edas estar\u00e1 finalizado el Albergue Ol\u00edmpico, que construye el Gobierno con una inversi\u00f3n de m\u00e1s de 96.4 millones de pesos. Durante un recorrido de supervisi\u00f3n de los trabajos de construcci\u00f3n del centro, ubicado en los [&hellip;]<\/p>\n","protected":false},"author":3,"featured_media":0,"comment_status":"open","ping_status":"open","sticky":false,"template":"","format":"standard","meta":{"footnotes":""},"categories":[17],"tags":[],"class_list":["post-199795","post","type-post","status-publish","format-standard","hentry","category-deportes"],"_links":{"self":[{"href":"https:\/\/diariodominicano.com\/index.php?rest_route=\/wp\/v2\/posts\/199795","targetHints":{"allow":["GET"]}}],"collection":[{"href":"https:\/\/diariodominicano.com\/index.php?rest_route=\/wp\/v2\/posts"}],"about":[{"href":"https:\/\/diariodominicano.com\/index.php?rest_route=\/wp\/v2\/types\/post"}],"author":[{"embeddable":true,"href":"https:\/\/diariodominicano.com\/index.php?rest_route=\/wp\/v2\/users\/3"}],"replies":[{"embeddable":true,"href":"https:\/\/diariodominicano.com\/index.php?rest_route=%2Fwp%2Fv2%2Fcomments&post=199795"}],"version-history":[{"count":0,"href":"https:\/\/diariodominicano.com\/index.php?rest_route=\/wp\/v2\/posts\/199795\/revisions"}],"wp:attachment":[{"href":"https:\/\/diariodominicano.com\/index.php?rest_route=%2Fwp%2Fv2%2Fmedia&parent=199795"}],"wp:term":[{"taxonomy":"category","embeddable":true,"href":"https:\/\/diariodominicano.com\/index.php?rest_route=%2Fwp%2Fv2%2Fcategories&post=199795"},{"taxonomy":"post_tag","embeddable":true,"href":"https:\/\/diariodominicano.com\/index.php?rest_route=%2Fwp%2Fv2%2Ftags&post=199795"}],"curies":[{"name":"wp","href":"https:\/\/api.w.org\/{rel}","templated":true}]}}