{"id":199794,"date":"2014-10-22T21:55:20","date_gmt":"2014-10-22T21:55:20","guid":{"rendered":"http:\/\/diariodominicano.ddns.net\/?p=199794"},"modified":"2014-10-22T21:55:20","modified_gmt":"2014-10-22T21:55:20","slug":"eligen-al-presidente-de-fedombal-en-concencaba","status":"publish","type":"post","link":"https:\/\/diariodominicano.com\/?p=199794","title":{"rendered":"Eligen al Presidente de Fedombal en Concencaba"},"content":{"rendered":"<p><body><\/p>\n<p><img decoding=\"async\" src=\"http:\/\/localhost:8080\/img3\/Uribe.jpg\" \/>  <\/p>\n<p><span class=\"text1noticias\">Santo Domingo, RD, 22 de Octubre.-El ingeniero Rafael Uribe fue electo miembro del Consejo Directivo de la Confederaci\u00f3n Centroamericana y de Caribe de Baloncesto (Concencaba), luego del proceso eleccionario celebrado recientemente en la ciudad de San Juan, en Puerto Rico.<\/span><\/p>\n<\/p>\n<p><span class=\"text1noticias\">La Concencaba es un organismo perteneciente a la Federaci\u00f3n de Baloncesto de Las Am\u00e9ricas (Fibaam\u00e9ricas) que re\u00fane a las selecciones de baloncesto de los pa\u00edses del \u00e1rea de Centroam\u00e9rica y del Caribe como Belice, Guatemala, El Salvador, Honduras, M\u00e9xico, Panam\u00e1, Cuba, Rep\u00fablica que Dominicana, Puerto Rico, Islas V\u00edrgenes Americanas y Brit\u00e1nicas, entre otras.<\/span><\/p>\n<\/p>\n<p><span class=\"text1noticias\">Estas representaciones tienen sus propios sistemas de competencia de clasificaci\u00f3n y eliminaci\u00f3n en los diferentes torneos y categor\u00edas, tanto de las ramas masculina como femenina.<\/span><\/p>\n<\/p>\n<p><span class=\"text1noticias\">Uribe, actual presidente de la Federaci\u00f3n Dominicana de Baloncesto (Fedombal), recibi\u00f3 con benepl\u00e1cito esta elecci\u00f3n y expres\u00f3 que asume el rol con mucho nivel y que trabajar\u00e1 arduamente para incentivar el baloncesto en la regi\u00f3n Centroamericana y del Caribe.<\/span><\/p>\n<\/p>\n<p><span class=\"text1noticias\">El dirigente dominicano, tras su elecci\u00f3n, recibi\u00f3 una comunicaci\u00f3n de fecha 16 octubre de parte del argentino Alberto Garc\u00eda, secretario general de Fibaam\u00e9ricas, donde que expresa que \u00aben nombre del presidente de Fibaam\u00e9ricas, Usie Richard y el m\u00edo propio me dirijo a usted para extenderle nuestras m\u00e1s sinceras felicitaciones, ya que en la pasada elecciones usted fue electo Miembro del Consejo Directivo de Concencaba para el per\u00edodo 2014-19\u00bb.<\/span><\/p>\n<\/p>\n<p><span class=\"text1noticias\">En un segundo p\u00e1rrafo, Garc\u00eda sostiene que \u00abpara nosotros es un placer tenerlo en el Comit\u00e9 como miembro. Seguiremos en conjunto fortaleciendo, abriendo caminos a nuestro querido deporte y forj\u00e9monos los deseos de superaci\u00f3n\u00bb.<\/span><\/p>\n<\/p>\n<p><span class=\"text1noticias\">Uribe acompa\u00f1ar\u00e1 en la directiva de Concencaba a su presidente, el cubano Ruperto Herrera.<\/span><\/p>\n<\/p>\n<p><span class=\"text1noticias\">Adem\u00e1s de esa elecci\u00f3n, Rafael Uribe tambi\u00e9n es integrante de la Comisi\u00f3n de Competici\u00f3n de Fibaam\u00e9ricas, junto a su presidente, Carmelo Cortez, de Venezuela; el vicepresidente Carlos \u00c1lvarez, de Argentina; como miembros Yamil Bukele, de El Salvador; Vanderlei Mazzuchini, de Brasil; y Jos\u00e9 Ram\u00edrez.(HG)<\/span>.<\/p>\n<h6> 2014-10-22 21:55:20 <\/h6>\n<p><!--\n<link rel=\"stylesheet\" href=\"css\/bootstrap.min.css\">\n\n\n<ul class=\"pagination\">\n\t    \n\t\n\n<li >\n\t<a href='?page_no=16260'>Previous<\/a>\n\t<\/li>\n\n\n       \n    \n\n<li><a href='?page_no=1'>1<\/a><\/li>\n\n\n\n<li><a href='?page_no=2'>2<\/a><\/li>\n\n\n\n<li><a>...<\/a><\/li>\n\n\n\n<li><a href='?page_no=16259'>16259<\/a><\/li>\n\n\n\n<li><a href='?page_no=16260'>16260<\/a><\/li>\n\n\n\n<li class='active'><a>16261<\/a><\/li>\n\n\n\n<li><a href='?page_no=16262'>16262<\/a><\/li>\n\n\n\n<li><a href='?page_no=16263'>16263<\/a><\/li>\n\n\n\n<li><a>...<\/a><\/li>\n\n\n\n<li><a href='?page_no=36618'>36618<\/a><\/li>\n\n\n\n<li><a href='?page_no=36619'>36619<\/a><\/li>\n\n    \n\t\n\n<li >\n\t<a href='?page_no=16262'>Next<\/a>\n\t<\/li>\n\n\n    \n\n<li><a href='?page_no=36619'>Last &rsaquo;&rsaquo;<\/a><\/li>\n\n<\/ul>\n\n\n--><br \/>\n<\/body><\/p>\n","protected":false},"excerpt":{"rendered":"<p>Santo Domingo, RD, 22 de Octubre.-El ingeniero Rafael Uribe fue electo miembro del Consejo Directivo de la Confederaci\u00f3n Centroamericana y de Caribe de Baloncesto (Concencaba), luego del proceso eleccionario celebrado recientemente en la ciudad de San Juan, en Puerto Rico. La Concencaba es un organismo perteneciente a la Federaci\u00f3n de Baloncesto de Las Am\u00e9ricas (Fibaam\u00e9ricas) [&hellip;]<\/p>\n","protected":false},"author":3,"featured_media":0,"comment_status":"open","ping_status":"open","sticky":false,"template":"","format":"standard","meta":{"footnotes":""},"categories":[17],"tags":[],"class_list":["post-199794","post","type-post","status-publish","format-standard","hentry","category-deportes"],"_links":{"self":[{"href":"https:\/\/diariodominicano.com\/index.php?rest_route=\/wp\/v2\/posts\/199794","targetHints":{"allow":["GET"]}}],"collection":[{"href":"https:\/\/diariodominicano.com\/index.php?rest_route=\/wp\/v2\/posts"}],"about":[{"href":"https:\/\/diariodominicano.com\/index.php?rest_route=\/wp\/v2\/types\/post"}],"author":[{"embeddable":true,"href":"https:\/\/diariodominicano.com\/index.php?rest_route=\/wp\/v2\/users\/3"}],"replies":[{"embeddable":true,"href":"https:\/\/diariodominicano.com\/index.php?rest_route=%2Fwp%2Fv2%2Fcomments&post=199794"}],"version-history":[{"count":0,"href":"https:\/\/diariodominicano.com\/index.php?rest_route=\/wp\/v2\/posts\/199794\/revisions"}],"wp:attachment":[{"href":"https:\/\/diariodominicano.com\/index.php?rest_route=%2Fwp%2Fv2%2Fmedia&parent=199794"}],"wp:term":[{"taxonomy":"category","embeddable":true,"href":"https:\/\/diariodominicano.com\/index.php?rest_route=%2Fwp%2Fv2%2Fcategories&post=199794"},{"taxonomy":"post_tag","embeddable":true,"href":"https:\/\/diariodominicano.com\/index.php?rest_route=%2Fwp%2Fv2%2Ftags&post=199794"}],"curies":[{"name":"wp","href":"https:\/\/api.w.org\/{rel}","templated":true}]}}