{"id":199790,"date":"2014-10-23T14:31:20","date_gmt":"2014-10-23T14:31:20","guid":{"rendered":"http:\/\/diariodominicano.ddns.net\/?p=199790"},"modified":"2014-10-23T14:31:20","modified_gmt":"2014-10-23T14:31:20","slug":"norberto-meneito-jimenez-pugil-rd-peleara-por-faja-mundial-en-japon-rd-campeon-copa-pacifico-de-boxeo","status":"publish","type":"post","link":"https:\/\/diariodominicano.com\/?p=199790","title":{"rendered":"&#13;Norberto -Meneito- Jim\u00e9nez, p\u00fagil RD pelear\u00e1 por faja mundial en Jap\u00f3n; RD campe\u00f3n Copa Pac\u00edfico de Boxeo"},"content":{"rendered":"<p><body><\/p>\n<p><img decoding=\"async\" src=\"img3\/boxeo 23.jpg\" \/><br \/><img decoding=\"async\" src=\"img3\/box olimpico 23.jpg\" \/>  <\/p>\n<p>Santo Domingo RD 23 octubre.- .- El  boxeador dominicano Norberto ?Meneito- Jim\u00e9nez intentar\u00e1 adue\u00f1arse del t\u00edtulo s\u00faper mosca de la Asociaci\u00f3n Mundial de Boxeo (AMB), cuando el 31 de diciembre pr\u00f3ximo enfrente al japon\u00e9s Kohei Kono en Ota City General Gymnasium, en Tokio, Jap\u00f3n.<\/p>\n<\/p>\n<p>La informaci\u00f3n fue confirmada por la se\u00f1ora Belgina Pe\u00f1a, de la empresa Shuan Boxing Promition, a la cual pertenece el boxeador de la Rep\u00fablica Dominicana.<\/p>\n<\/p>\n<p>\u00abYa se firmaron los contratos y Meneito Jim\u00e9nez tendr\u00e1 la oportunidad de conquistar una faja mundial para la Rep\u00fablica Dominicana\u00bb, a\u00f1adi\u00f3 Pe\u00f1a.<\/p>\n<\/p>\n<p>\u00abLa oportunidad que se ha presentado es la de ir a pelear a la casa del rival y no tenemos inconveniente con eso\u00bb, agreg\u00f3 Pe\u00f1a, aunque sostiene que tanto a ella como a Jim\u00e9nez le hubiese gustado que el combate se celebrara en la Rep\u00fablica Dominicana.<\/p>\n<\/p>\n<p>\u00abMene\u00edto\u00bb Jim\u00e9nez, un boxeador nativo de Villa Duarte y que en la actualidad es el campe\u00f3n nacional s\u00faper mosca y monarca regional de la misma divisi\u00f3n por la AMB.<\/p>\n<\/p>\n<p>Tiene foja de 20 victorias, diez de ellas por la v\u00eda del nocaut, con ocho derrotas.<\/p>\n<\/p>\n<p>De su lado, el japon\u00e9s Kono ha ganado 30 peleas, 13 de ellas por la v\u00eda r\u00e1pida y suma ocho derrotas.  Nunca ha sido noqueado.<\/p>\n<\/p>\n<p>\u00abSiempre es importante el calor de tu p\u00fablico, pero una buena preparaci\u00f3n te garantiza el \u00e9xito en cualquier lugar del mundo\u00bb, agreg\u00f3 B\u00e9lgica Pe\u00f1a, al insistir en el hecho de que su pupilo tenga que viajar a Jap\u00f3n para enfrentar a un rival de esa naci\u00f3n.<\/p>\n<\/p>\n<p>\u00abMene\u00edto\u00bb Jim\u00e9nez es un boxeador que ha venido de menos a m\u00e1s, debido a que perdi\u00f3 siete de sus primeras ocho peleas, pero no ha sufrido derrotas en sus \u00faltimas 20 presentaciones.<\/p>\n<\/p>\n<p>\u00abLas cosas han cambiado en mi carrera a partir de llegar a un acuerdo con la empresa Shuan Boxing Promoci\u00f3n y agradezco a B\u00e9lgica Pe\u00f1a todo el apoyo que me est\u00e1n brindando\u00bb, dijo, por su parte, \u00abMene\u00edto\u00bb Jim\u00e9nez.<\/p>\n<\/p>\n<p>Sostuvo que no defraudar\u00e1 a B\u00e9lgica Pe\u00f1a y ni a la Rep\u00fablica Dominicana y prometi\u00f3 convertirse en el pr\u00f3ximo campe\u00f3n mundial de la Rep\u00fablica Dominicana.<\/p>\n<\/p>\n<p><strong>Boxeo RD se proclama campe\u00f3n Copa del Pac\u00edfico<\/strong><\/p>\n<\/p>\n<p>GUAYAQUIL, Ecuador 23 octubre.  La Rep\u00fablica Dominicana se alz\u00f3 con los m\u00e1ximos honores, al conquistar el primer lugar del torneo internacional de boxeo Copa del Pac\u00edfico, celebrada en esta ciudad.Los p\u00fagiles dominicanos acumularon 25 puntos, tras conquistar cuatro medallas de oro, superando al seleccionado de Ecuador (segundo lugar), que acumul\u00f3 24 tantos.<\/p>\n<\/p>\n<p>La tercera posici\u00f3n fue para la Selecci\u00f3n \u00abB\u00bb, de Ecuador, con 19 puntos.<\/p>\n<\/p>\n<p>Por Rep\u00fablica Dominicana se adjudicaron el oro de sus categor\u00edas Gerardo Valdez, quien venci\u00f3 por 3-0 a Danilo Fern\u00e1ndez, de <\/p>\n<p>Ecuador; H\u00e9ctor Luis Garc\u00eda, quien super\u00f3 por decisi\u00f3n un\u00e1nime, 3-0, a Santo Padilla, tambi\u00e9n de Ecuador.<\/p>\n<\/p>\n<p>El peleador Carlos Adames dispuso por 3-0 de Jean Carlos Rivera, de Puerto Rico, mientras que el tambi\u00e9n dominicano Alberto Puello se impuso por decisi\u00f3n un\u00e1nime, 2-1, a Lester Mart\u00ednez, de Guatemala.<\/p>\n<\/p>\n<p>Otros dominicanos que actuaron en el evento fueron Leonel de los Santos y Sparking Almonte, quienes se quedaron con medallas de plata.<\/p>\n<\/p>\n<p>En el torneo tambi\u00e9n compitieron boxeadores de Bahamas, Costa Rica y Chile.<\/p>\n<p>Bienvenido Solano, presidente de la Federaci\u00f3n Dominicana de Boxeo, valor\u00f3 como positiva la actuaci\u00f3n de los p\u00fagiles dominicanos.<\/p>\n<\/p>\n<p>Expuso que la Copa del Pac\u00edfico es el \u00faltimo evento de fogueo de los boxeadores e la Rep\u00fablica Dominicana en ruta a los Juegos Centroamericanos y del Caribe de noviembre pr\u00f3ximo en Veracruz, M\u00e9xico.<\/p>\n<\/p>\n<\/p>\n<h6> 2014-10-23 14:31:20 <\/h6>\n<p><!--\n<link rel=\"stylesheet\" href=\"css\/bootstrap.min.css\">\n\n\n<ul class=\"pagination\">\n\t    \n\t\n\n<li >\n\t<a href='?page_no=16257'>Previous<\/a>\n\t<\/li>\n\n\n       \n    \n\n<li><a href='?page_no=1'>1<\/a><\/li>\n\n\n\n<li><a href='?page_no=2'>2<\/a><\/li>\n\n\n\n<li><a>...<\/a><\/li>\n\n\n\n<li><a href='?page_no=16256'>16256<\/a><\/li>\n\n\n\n<li><a href='?page_no=16257'>16257<\/a><\/li>\n\n\n\n<li class='active'><a>16258<\/a><\/li>\n\n\n\n<li><a href='?page_no=16259'>16259<\/a><\/li>\n\n\n\n<li><a href='?page_no=16260'>16260<\/a><\/li>\n\n\n\n<li><a>...<\/a><\/li>\n\n\n\n<li><a href='?page_no=36618'>36618<\/a><\/li>\n\n\n\n<li><a href='?page_no=36619'>36619<\/a><\/li>\n\n    \n\t\n\n<li >\n\t<a href='?page_no=16259'>Next<\/a>\n\t<\/li>\n\n\n    \n\n<li><a href='?page_no=36619'>Last &rsaquo;&rsaquo;<\/a><\/li>\n\n<\/ul>\n\n\n--><br \/>\n<\/body><\/p>\n","protected":false},"excerpt":{"rendered":"<p>Santo Domingo RD 23 octubre.- .- El boxeador dominicano Norberto ?Meneito- Jim\u00e9nez intentar\u00e1 adue\u00f1arse del t\u00edtulo s\u00faper mosca de la Asociaci\u00f3n Mundial de Boxeo (AMB), cuando el 31 de diciembre pr\u00f3ximo enfrente al japon\u00e9s Kohei Kono en Ota City General Gymnasium, en Tokio, Jap\u00f3n. La informaci\u00f3n fue confirmada por la se\u00f1ora Belgina Pe\u00f1a, de la [&hellip;]<\/p>\n","protected":false},"author":3,"featured_media":0,"comment_status":"open","ping_status":"open","sticky":false,"template":"","format":"standard","meta":{"footnotes":""},"categories":[17],"tags":[],"class_list":["post-199790","post","type-post","status-publish","format-standard","hentry","category-deportes"],"_links":{"self":[{"href":"https:\/\/diariodominicano.com\/index.php?rest_route=\/wp\/v2\/posts\/199790","targetHints":{"allow":["GET"]}}],"collection":[{"href":"https:\/\/diariodominicano.com\/index.php?rest_route=\/wp\/v2\/posts"}],"about":[{"href":"https:\/\/diariodominicano.com\/index.php?rest_route=\/wp\/v2\/types\/post"}],"author":[{"embeddable":true,"href":"https:\/\/diariodominicano.com\/index.php?rest_route=\/wp\/v2\/users\/3"}],"replies":[{"embeddable":true,"href":"https:\/\/diariodominicano.com\/index.php?rest_route=%2Fwp%2Fv2%2Fcomments&post=199790"}],"version-history":[{"count":0,"href":"https:\/\/diariodominicano.com\/index.php?rest_route=\/wp\/v2\/posts\/199790\/revisions"}],"wp:attachment":[{"href":"https:\/\/diariodominicano.com\/index.php?rest_route=%2Fwp%2Fv2%2Fmedia&parent=199790"}],"wp:term":[{"taxonomy":"category","embeddable":true,"href":"https:\/\/diariodominicano.com\/index.php?rest_route=%2Fwp%2Fv2%2Fcategories&post=199790"},{"taxonomy":"post_tag","embeddable":true,"href":"https:\/\/diariodominicano.com\/index.php?rest_route=%2Fwp%2Fv2%2Ftags&post=199790"}],"curies":[{"name":"wp","href":"https:\/\/api.w.org\/{rel}","templated":true}]}}