{"id":199787,"date":"2014-10-23T19:30:47","date_gmt":"2014-10-23T19:30:47","guid":{"rendered":"http:\/\/diariodominicano.ddns.net\/?p=199787"},"modified":"2014-10-23T19:30:47","modified_gmt":"2014-10-23T19:30:47","slug":"marcela-miguel-tapia-conquista-primer-lugar-iii-competencia-paso-fino-de-asena","status":"publish","type":"post","link":"https:\/\/diariodominicano.com\/?p=199787","title":{"rendered":"Marcela Miguel Tapia conquista primer lugar III Competencia Paso Fino de ASENA"},"content":{"rendered":"<p><body><\/p>\n<p><img decoding=\"async\" src=\"img3\/MARCELA.jpg\" \/>  <\/p>\n<p><span class=\"text1noticias\">Santiago, RD.-La amazona Marcela Miguel Tapia de la categor\u00eda de 6-8 a\u00f1os pre-infantil conquist\u00f3 el primer lugar de la III Competencia Puntuable de la Asociaci\u00f3n Ecuestre Nacional de Santiago (ASENA), efectuado en el Centro Ecuestre de la Barranquita, de la ciudad Coraz\u00f3n.<\/span><\/p>\n<\/p>\n<p><span class=\"text1noticias\">Certamen en que participaron jinetes y amazonas por edades, Miguel Tapia, montando el ejemplar Perla Negra, en la pista dura, hizo un recorrido con ritmo en la tabla, mostrando calidad en la conducci\u00f3n y buen pulso del recorrido del equino.<\/span><\/p>\n<\/p>\n<p><span class=\"text1noticias\">La ni\u00f1a Miguel Tapia, pertenece a la Asociaci\u00f3n Dominicana de Caballos de Paso (Adopaso), y recientemente form\u00f3 parte de la delegaci\u00f3n de amazonas y jinetes del equipo tricolor que estuvieron en la D\u00e9cima Mundial de Jinetes y Amazonas \u00abF\u00e9lix Santiago Oliver\u00a8, en la ciudad de Pereira, Colombia, los d\u00edas del 4 al 6 de julio del 2014.<\/span><\/p>\n<\/p>\n<p><span class=\"text1noticias\">La infantil campeona se prepara para su pr\u00f3ximo compromiso el s\u00e1bado 25 de este mes, con la VIII Competencia Puntuable de la Asociaci\u00f3n Dominicana de Paso Fino (Adopaso), en las instalaciones del Centro Ecuestre Palmarejo, en el municipio Los Alcarrizos.(HG)<\/span>.<\/p>\n<h6> 2014-10-23 19:30:47 <\/h6>\n<p><!--\n<link rel=\"stylesheet\" href=\"css\/bootstrap.min.css\">\n\n\n<ul class=\"pagination\">\n\t    \n\t\n\n<li >\n\t<a href='?page_no=16254'>Previous<\/a>\n\t<\/li>\n\n\n       \n    \n\n<li><a href='?page_no=1'>1<\/a><\/li>\n\n\n\n<li><a href='?page_no=2'>2<\/a><\/li>\n\n\n\n<li><a>...<\/a><\/li>\n\n\n\n<li><a href='?page_no=16253'>16253<\/a><\/li>\n\n\n\n<li><a href='?page_no=16254'>16254<\/a><\/li>\n\n\n\n<li class='active'><a>16255<\/a><\/li>\n\n\n\n<li><a href='?page_no=16256'>16256<\/a><\/li>\n\n\n\n<li><a href='?page_no=16257'>16257<\/a><\/li>\n\n\n\n<li><a>...<\/a><\/li>\n\n\n\n<li><a href='?page_no=36618'>36618<\/a><\/li>\n\n\n\n<li><a href='?page_no=36619'>36619<\/a><\/li>\n\n    \n\t\n\n<li >\n\t<a href='?page_no=16256'>Next<\/a>\n\t<\/li>\n\n\n    \n\n<li><a href='?page_no=36619'>Last &rsaquo;&rsaquo;<\/a><\/li>\n\n<\/ul>\n\n\n--><br \/>\n<\/body><\/p>\n","protected":false},"excerpt":{"rendered":"<p>Santiago, RD.-La amazona Marcela Miguel Tapia de la categor\u00eda de 6-8 a\u00f1os pre-infantil conquist\u00f3 el primer lugar de la III Competencia Puntuable de la Asociaci\u00f3n Ecuestre Nacional de Santiago (ASENA), efectuado en el Centro Ecuestre de la Barranquita, de la ciudad Coraz\u00f3n. Certamen en que participaron jinetes y amazonas por edades, Miguel Tapia, montando el [&hellip;]<\/p>\n","protected":false},"author":3,"featured_media":0,"comment_status":"open","ping_status":"open","sticky":false,"template":"","format":"standard","meta":{"footnotes":""},"categories":[17],"tags":[],"class_list":["post-199787","post","type-post","status-publish","format-standard","hentry","category-deportes"],"_links":{"self":[{"href":"https:\/\/diariodominicano.com\/index.php?rest_route=\/wp\/v2\/posts\/199787","targetHints":{"allow":["GET"]}}],"collection":[{"href":"https:\/\/diariodominicano.com\/index.php?rest_route=\/wp\/v2\/posts"}],"about":[{"href":"https:\/\/diariodominicano.com\/index.php?rest_route=\/wp\/v2\/types\/post"}],"author":[{"embeddable":true,"href":"https:\/\/diariodominicano.com\/index.php?rest_route=\/wp\/v2\/users\/3"}],"replies":[{"embeddable":true,"href":"https:\/\/diariodominicano.com\/index.php?rest_route=%2Fwp%2Fv2%2Fcomments&post=199787"}],"version-history":[{"count":0,"href":"https:\/\/diariodominicano.com\/index.php?rest_route=\/wp\/v2\/posts\/199787\/revisions"}],"wp:attachment":[{"href":"https:\/\/diariodominicano.com\/index.php?rest_route=%2Fwp%2Fv2%2Fmedia&parent=199787"}],"wp:term":[{"taxonomy":"category","embeddable":true,"href":"https:\/\/diariodominicano.com\/index.php?rest_route=%2Fwp%2Fv2%2Fcategories&post=199787"},{"taxonomy":"post_tag","embeddable":true,"href":"https:\/\/diariodominicano.com\/index.php?rest_route=%2Fwp%2Fv2%2Ftags&post=199787"}],"curies":[{"name":"wp","href":"https:\/\/api.w.org\/{rel}","templated":true}]}}