{"id":199786,"date":"2014-10-23T19:34:40","date_gmt":"2014-10-23T19:34:40","guid":{"rendered":"http:\/\/diariodominicano.ddns.net\/?p=199786"},"modified":"2014-10-23T19:34:40","modified_gmt":"2014-10-23T19:34:40","slug":"daran-inicio-este-viernes-a-torneo-internacional-de-karate-copa-savedra-2014-en-polideportivo-uasd","status":"publish","type":"post","link":"https:\/\/diariodominicano.com\/?p=199786","title":{"rendered":"Dar\u00e1n inicio este viernes a torneo internacional de karate Copa Savedra 2014 en polideportivo UASD"},"content":{"rendered":"<p><body><\/p>\n<p><img decoding=\"async\" src=\"img3\/karate.jpg\" \/>  <\/p>\n<p><span class=\"text1noticias\">SANTO DOMINGO, RD, 23 de Octubre.-Dar\u00e1 inicio este viernes la Copa  Savedra 2014, un evento internacional de Karate que se competir\u00e1 en el polideportivo Tony Barreiro de la Universidad Aut\u00f3noma de Santo Domingo (UASD), durante los d\u00edas 24 y 25 de octubre.<\/span><\/p>\n<\/p>\n<p><span class=\"text1noticias\">Para dicho evento ya han llegado delegaciones de Venezuela y Puerto Rico y de legaciones de escuelas Dojo de todo el pa\u00eds, inform\u00f3 el Kyoshi Jos\u00e9 Augusto Ruiz representante de la Asociaci\u00f3n Dominicana de Sansei y organizador del evento.<\/span><\/p>\n<\/p>\n<p><span class=\"text1noticias\">El reconocido Karateca se\u00f1al\u00f3 que dicho certamen reunir\u00e1 m\u00e1s de 300 karatecas dominicanos y de varias naciones del mundo.<\/span><\/p>\n<\/p>\n<p><span class=\"text1noticias\">\u00abLas competencias se realizaran en la categor\u00eda categor\u00eda m\u00e1ster solo competir\u00e1n en exhibici\u00f3n, karate y kobudo. kumite por edades; seguido de presentaciones en kata individual por equipo y kumite por peso (todas las categor\u00edas son para ambos sexos)\u00bb, explic\u00f3 Ruiz.<\/span><\/p>\n<\/p>\n<p><span class=\"text1noticias\">La primera jornada del viernes inicia desde las 9:00 de la ma\u00f1ana con el acto inaugural, seguido de exhibiciones, congresillo t\u00e9cnico, registros de los atletas, sorteos de las categor\u00edas y el s\u00e1bado finalizaran las competencias con la entrega de la Copa Savedra.(HG)<\/span>.<\/p>\n<h6> 2014-10-23 19:34:40 <\/h6>\n<p><!--\n<link rel=\"stylesheet\" href=\"css\/bootstrap.min.css\">\n\n\n<ul class=\"pagination\">\n\t    \n\t\n\n<li >\n\t<a href='?page_no=16253'>Previous<\/a>\n\t<\/li>\n\n\n       \n    \n\n<li><a href='?page_no=1'>1<\/a><\/li>\n\n\n\n<li><a href='?page_no=2'>2<\/a><\/li>\n\n\n\n<li><a>...<\/a><\/li>\n\n\n\n<li><a href='?page_no=16252'>16252<\/a><\/li>\n\n\n\n<li><a href='?page_no=16253'>16253<\/a><\/li>\n\n\n\n<li class='active'><a>16254<\/a><\/li>\n\n\n\n<li><a href='?page_no=16255'>16255<\/a><\/li>\n\n\n\n<li><a href='?page_no=16256'>16256<\/a><\/li>\n\n\n\n<li><a>...<\/a><\/li>\n\n\n\n<li><a href='?page_no=36618'>36618<\/a><\/li>\n\n\n\n<li><a href='?page_no=36619'>36619<\/a><\/li>\n\n    \n\t\n\n<li >\n\t<a href='?page_no=16255'>Next<\/a>\n\t<\/li>\n\n\n    \n\n<li><a href='?page_no=36619'>Last &rsaquo;&rsaquo;<\/a><\/li>\n\n<\/ul>\n\n\n--><br \/>\n<\/body><\/p>\n","protected":false},"excerpt":{"rendered":"<p>SANTO DOMINGO, RD, 23 de Octubre.-Dar\u00e1 inicio este viernes la Copa Savedra 2014, un evento internacional de Karate que se competir\u00e1 en el polideportivo Tony Barreiro de la Universidad Aut\u00f3noma de Santo Domingo (UASD), durante los d\u00edas 24 y 25 de octubre. Para dicho evento ya han llegado delegaciones de Venezuela y Puerto Rico y [&hellip;]<\/p>\n","protected":false},"author":3,"featured_media":0,"comment_status":"open","ping_status":"open","sticky":false,"template":"","format":"standard","meta":{"footnotes":""},"categories":[17],"tags":[],"class_list":["post-199786","post","type-post","status-publish","format-standard","hentry","category-deportes"],"_links":{"self":[{"href":"https:\/\/diariodominicano.com\/index.php?rest_route=\/wp\/v2\/posts\/199786","targetHints":{"allow":["GET"]}}],"collection":[{"href":"https:\/\/diariodominicano.com\/index.php?rest_route=\/wp\/v2\/posts"}],"about":[{"href":"https:\/\/diariodominicano.com\/index.php?rest_route=\/wp\/v2\/types\/post"}],"author":[{"embeddable":true,"href":"https:\/\/diariodominicano.com\/index.php?rest_route=\/wp\/v2\/users\/3"}],"replies":[{"embeddable":true,"href":"https:\/\/diariodominicano.com\/index.php?rest_route=%2Fwp%2Fv2%2Fcomments&post=199786"}],"version-history":[{"count":0,"href":"https:\/\/diariodominicano.com\/index.php?rest_route=\/wp\/v2\/posts\/199786\/revisions"}],"wp:attachment":[{"href":"https:\/\/diariodominicano.com\/index.php?rest_route=%2Fwp%2Fv2%2Fmedia&parent=199786"}],"wp:term":[{"taxonomy":"category","embeddable":true,"href":"https:\/\/diariodominicano.com\/index.php?rest_route=%2Fwp%2Fv2%2Fcategories&post=199786"},{"taxonomy":"post_tag","embeddable":true,"href":"https:\/\/diariodominicano.com\/index.php?rest_route=%2Fwp%2Fv2%2Ftags&post=199786"}],"curies":[{"name":"wp","href":"https:\/\/api.w.org\/{rel}","templated":true}]}}