{"id":199784,"date":"2014-10-25T04:21:15","date_gmt":"2014-10-25T04:21:15","guid":{"rendered":"http:\/\/diariodominicano.ddns.net\/?p=199784"},"modified":"2014-10-25T04:21:15","modified_gmt":"2014-10-25T04:21:15","slug":"presidente-medina-recibe-al-gobernador-de-veracruz","status":"publish","type":"post","link":"https:\/\/diariodominicano.com\/?p=199784","title":{"rendered":"Presidente Medina recibe al gobernador de Veracruz"},"content":{"rendered":"<p><body><\/p>\n<p><img decoding=\"async\" src=\"img3\/15430799050_af0ec98532_c.jpg\" \/>  <\/p>\n<p><span class=\"text1noticias\">Santo Domingo, R. D., 24 de octubre.- El presidente Danilo Medina recibi\u00f3 en su despacho del Palacio Nacional al  gobernador del estado mexicano de Veracruz, Javier Duarte de Ochoa, con quien trat\u00f3 el tema de los XXII Juegos Deportivos, Centroamericanos y del Caribe.<\/span><\/p>\n<\/p>\n<p><span class=\"text1noticias\">Posteriormente, al ofrecer detalles de la reuni\u00f3n con el jefe de Estado dominicano, en el sal\u00f3n Orlando Mart\u00ednez, de la Casa de Gobierno, Duarte de Ochoa resalt\u00f3 la importancia que tiene para su demarcaci\u00f3n esta justa deportiva y ponder\u00f3 de forma favorable la selecci\u00f3n dominicana que estar\u00e1 presente del 14 al 30 de noviembre de este a\u00f1o.<\/span><\/p>\n<\/p>\n<p><span class=\"text1noticias\">Asimismo dijo que invit\u00f3 al presidente Danilo Medina a participar en la XXIV Cumbre Iberoamericana de Jefes de <\/span><\/p>\n<\/p>\n<p><span class=\"text1noticias\">Estado y de Gobierno que tendr\u00e1 lugar los d\u00edas 8 y 9 de diciembre bajo el lema \u00abIberoam\u00e9rica en el siglo XXI: Educaci\u00f3n, innovaci\u00f3n y cultura\u00bb.<\/span><\/p>\n<\/p>\n<p><span class=\"text1noticias\">Danilo Medina, seg\u00fan explic\u00f3, le confirm\u00f3 su asistencia al importante c\u00f3nclave iberoamericano.<\/span><\/p>\n<\/p>\n<p><span class=\"text1noticias\">En su visita a Danilo Medina,  Javier Duarte de Ochoa estuvo acompa\u00f1ado por su esposa, Karime Mac\u00edas y el embajador de M\u00e9xico en el pa\u00eds, Jos\u00e9 Ignacio Pi\u00f1a Rojas.<\/span><\/p>\n<p><span class=\"text1noticias\">Por la parte dominicana participaron del encuentro los ministros de la Presidencia, Gustavo Montalvo y de Deportes, Jaime David Fern\u00e1ndez Mirabal, as\u00ed como el presidente del Comit\u00e9 Ol\u00edmpico Dominicano (COD), Luis\u00edn Mej\u00eda.<\/span><\/p>\n<h6> 2014-10-25 04:21:15 <\/h6>\n<p><!--\n<link rel=\"stylesheet\" href=\"css\/bootstrap.min.css\">\n\n\n<ul class=\"pagination\">\n\t    \n\t\n\n<li >\n\t<a href='?page_no=16251'>Previous<\/a>\n\t<\/li>\n\n\n       \n    \n\n<li><a href='?page_no=1'>1<\/a><\/li>\n\n\n\n<li><a href='?page_no=2'>2<\/a><\/li>\n\n\n\n<li><a>...<\/a><\/li>\n\n\n\n<li><a href='?page_no=16250'>16250<\/a><\/li>\n\n\n\n<li><a href='?page_no=16251'>16251<\/a><\/li>\n\n\n\n<li class='active'><a>16252<\/a><\/li>\n\n\n\n<li><a href='?page_no=16253'>16253<\/a><\/li>\n\n\n\n<li><a href='?page_no=16254'>16254<\/a><\/li>\n\n\n\n<li><a>...<\/a><\/li>\n\n\n\n<li><a href='?page_no=36618'>36618<\/a><\/li>\n\n\n\n<li><a href='?page_no=36619'>36619<\/a><\/li>\n\n    \n\t\n\n<li >\n\t<a href='?page_no=16253'>Next<\/a>\n\t<\/li>\n\n\n    \n\n<li><a href='?page_no=36619'>Last &rsaquo;&rsaquo;<\/a><\/li>\n\n<\/ul>\n\n\n--><br \/>\n<\/body><\/p>\n","protected":false},"excerpt":{"rendered":"<p>Santo Domingo, R. D., 24 de octubre.- El presidente Danilo Medina recibi\u00f3 en su despacho del Palacio Nacional al gobernador del estado mexicano de Veracruz, Javier Duarte de Ochoa, con quien trat\u00f3 el tema de los XXII Juegos Deportivos, Centroamericanos y del Caribe. Posteriormente, al ofrecer detalles de la reuni\u00f3n con el jefe de Estado [&hellip;]<\/p>\n","protected":false},"author":3,"featured_media":0,"comment_status":"open","ping_status":"open","sticky":false,"template":"","format":"standard","meta":{"footnotes":""},"categories":[17],"tags":[],"class_list":["post-199784","post","type-post","status-publish","format-standard","hentry","category-deportes"],"_links":{"self":[{"href":"https:\/\/diariodominicano.com\/index.php?rest_route=\/wp\/v2\/posts\/199784","targetHints":{"allow":["GET"]}}],"collection":[{"href":"https:\/\/diariodominicano.com\/index.php?rest_route=\/wp\/v2\/posts"}],"about":[{"href":"https:\/\/diariodominicano.com\/index.php?rest_route=\/wp\/v2\/types\/post"}],"author":[{"embeddable":true,"href":"https:\/\/diariodominicano.com\/index.php?rest_route=\/wp\/v2\/users\/3"}],"replies":[{"embeddable":true,"href":"https:\/\/diariodominicano.com\/index.php?rest_route=%2Fwp%2Fv2%2Fcomments&post=199784"}],"version-history":[{"count":0,"href":"https:\/\/diariodominicano.com\/index.php?rest_route=\/wp\/v2\/posts\/199784\/revisions"}],"wp:attachment":[{"href":"https:\/\/diariodominicano.com\/index.php?rest_route=%2Fwp%2Fv2%2Fmedia&parent=199784"}],"wp:term":[{"taxonomy":"category","embeddable":true,"href":"https:\/\/diariodominicano.com\/index.php?rest_route=%2Fwp%2Fv2%2Fcategories&post=199784"},{"taxonomy":"post_tag","embeddable":true,"href":"https:\/\/diariodominicano.com\/index.php?rest_route=%2Fwp%2Fv2%2Ftags&post=199784"}],"curies":[{"name":"wp","href":"https:\/\/api.w.org\/{rel}","templated":true}]}}