{"id":199767,"date":"2014-10-27T13:03:11","date_gmt":"2014-10-27T13:03:11","guid":{"rendered":"http:\/\/diariodominicano.ddns.net\/?p=199767"},"modified":"2014-10-27T13:03:11","modified_gmt":"2014-10-27T13:03:11","slug":"pesas-define-equipo-femenino-de-pesa-ira-juegos-veracruz-candida-vasquez-yudelkis-contreras-y-georgina-silvestre","status":"publish","type":"post","link":"https:\/\/diariodominicano.com\/?p=199767","title":{"rendered":"Pesas define equipo femenino de pesa  ir\u00e1 Juegos Veracruz; C\u00e1ndida V\u00e1squez, Yudelkis Contreras y Georgina Silvestre&#13;"},"content":{"rendered":"<p><body><\/p>\n<p><img decoding=\"async\" src=\"img3\/pesas 27.jpeg\" \/>  <\/p>\n<p>Santo Domingo RD 27 octubre.- La Federaci\u00f3n Dominicana de Levantamiento de Pesas defini\u00f3 el equipo que representar\u00e1 los colores nacionales en el campeonato de los Juegos Deportivos, Centroamericanos y del Caribe de Veracruz, M\u00e9xico.<\/p>\n<\/p>\n<p>La selecci\u00f3n fue escogida tras los resultados del \u00faltimo chequeo y luego de concluida la preparaci\u00f3n que por varios meses tuvo lugar en las alturas de Jarabacoa, bajo las orientaciones de los entrenadores F\u00e9lix Ogando (Gallego), Playter Reyes, H\u00e9ctor Dom\u00ednguez y el vielorruso Leavontsi Hancharenka.<\/p>\n<\/p>\n<p>Al mismo tiempo la Federaci\u00f3n de Pesas inform\u00f3 que tambi\u00e9n fue escogida la selecci\u00f3n que asistir\u00e1 a los Campeonatos Mundiales de Almat\u00fd, Kazajist\u00e1n, a efectuarse del 6 al 16 de noviembre de este mismo a\u00f1o. La delegaci\u00f3n sale el lunes 4.<\/p>\n<\/p>\n<p>El presidente de la entidad federativa William Ozuna, dijo a trav\u00e9s de un despacho de prensa, que los t\u00e9cnicos escogieron a las y los representantes para las dos citas internacionales tomando como par\u00e1metros el rendimiento de los pesistas durante los entrenamientos.<\/p>\n<\/p>\n<p>Sostuvo que para los Campeonatos Mundiales los entrenadores seleccionaron a la muntimedallista mundialista Yudelkis Contretas, una de las mejores pesistas en la divisi\u00f3n de los 53 kilogramos, al igual que Yineisy Reyes, en la categor\u00eda 58 kilogramos.<\/p>\n<\/p>\n<p>Ozuna abund\u00f3 que el equipo lo completan en los 48 kilogramos C\u00e1ndida V\u00e1squez y Georgina Silvestre, ambas de San Pedro de Macor\u00eds, como Contreras. Reyes es oriunda de San Crist\u00f3bal.<\/p>\n<\/p>\n<p>Yudelkis estar\u00e1 en su quinta cita mundialista, donde ha ganado m\u00faltiples medallas de plata y bronce. Reyes y Silvestre estar\u00e1n en su segunda versi\u00f3n despu\u00e9s de competir en la versi\u00f3n del 2011 celebrada en Par\u00eds, Francia.<\/p>\n<\/p>\n<p>V\u00e1squez, por su lado, tendr\u00e1 su bautizo en el m\u00e1s grande evento de levantamiento de pesas.<\/p>\n<\/p>\n<p><strong>Para Veracruz <\/strong><\/p>\n<p>El m\u00e1ximo dirigente nacional de pesas manifest\u00f3 que para los Centroamericanos de Veracruz en los 48 kilogramos ir\u00e1n V\u00e1squez y Beatriz Pir\u00f3n, quien retorna a la selecci\u00f3n luego de un embarazo.<\/p>\n<\/p>\n<p>En 53 estar\u00e1n Yudelkis Contreras y Yafreisy Silvestre, Reyes ir\u00e1 en 85 kgs, Ver\u00f3nica Salad\u00edn lo har\u00e1 en 75 y Crismery Santana en m\u00e1s de 75.<\/p>\n<h6> 2014-10-27 13:03:11 <\/h6>\n<p><!--\n<link rel=\"stylesheet\" href=\"css\/bootstrap.min.css\">\n\n\n<ul class=\"pagination\">\n\t    \n\t\n\n<li >\n\t<a href='?page_no=16236'>Previous<\/a>\n\t<\/li>\n\n\n       \n    \n\n<li><a href='?page_no=1'>1<\/a><\/li>\n\n\n\n<li><a href='?page_no=2'>2<\/a><\/li>\n\n\n\n<li><a>...<\/a><\/li>\n\n\n\n<li><a href='?page_no=16235'>16235<\/a><\/li>\n\n\n\n<li><a href='?page_no=16236'>16236<\/a><\/li>\n\n\n\n<li class='active'><a>16237<\/a><\/li>\n\n\n\n<li><a href='?page_no=16238'>16238<\/a><\/li>\n\n\n\n<li><a href='?page_no=16239'>16239<\/a><\/li>\n\n\n\n<li><a>...<\/a><\/li>\n\n\n\n<li><a href='?page_no=36618'>36618<\/a><\/li>\n\n\n\n<li><a href='?page_no=36619'>36619<\/a><\/li>\n\n    \n\t\n\n<li >\n\t<a href='?page_no=16238'>Next<\/a>\n\t<\/li>\n\n\n    \n\n<li><a href='?page_no=36619'>Last &rsaquo;&rsaquo;<\/a><\/li>\n\n<\/ul>\n\n\n--><br \/>\n<\/body><\/p>\n","protected":false},"excerpt":{"rendered":"<p>Santo Domingo RD 27 octubre.- La Federaci\u00f3n Dominicana de Levantamiento de Pesas defini\u00f3 el equipo que representar\u00e1 los colores nacionales en el campeonato de los Juegos Deportivos, Centroamericanos y del Caribe de Veracruz, M\u00e9xico. La selecci\u00f3n fue escogida tras los resultados del \u00faltimo chequeo y luego de concluida la preparaci\u00f3n que por varios meses tuvo [&hellip;]<\/p>\n","protected":false},"author":3,"featured_media":0,"comment_status":"open","ping_status":"open","sticky":false,"template":"","format":"standard","meta":{"footnotes":""},"categories":[17],"tags":[],"class_list":["post-199767","post","type-post","status-publish","format-standard","hentry","category-deportes"],"_links":{"self":[{"href":"https:\/\/diariodominicano.com\/index.php?rest_route=\/wp\/v2\/posts\/199767","targetHints":{"allow":["GET"]}}],"collection":[{"href":"https:\/\/diariodominicano.com\/index.php?rest_route=\/wp\/v2\/posts"}],"about":[{"href":"https:\/\/diariodominicano.com\/index.php?rest_route=\/wp\/v2\/types\/post"}],"author":[{"embeddable":true,"href":"https:\/\/diariodominicano.com\/index.php?rest_route=\/wp\/v2\/users\/3"}],"replies":[{"embeddable":true,"href":"https:\/\/diariodominicano.com\/index.php?rest_route=%2Fwp%2Fv2%2Fcomments&post=199767"}],"version-history":[{"count":0,"href":"https:\/\/diariodominicano.com\/index.php?rest_route=\/wp\/v2\/posts\/199767\/revisions"}],"wp:attachment":[{"href":"https:\/\/diariodominicano.com\/index.php?rest_route=%2Fwp%2Fv2%2Fmedia&parent=199767"}],"wp:term":[{"taxonomy":"category","embeddable":true,"href":"https:\/\/diariodominicano.com\/index.php?rest_route=%2Fwp%2Fv2%2Fcategories&post=199767"},{"taxonomy":"post_tag","embeddable":true,"href":"https:\/\/diariodominicano.com\/index.php?rest_route=%2Fwp%2Fv2%2Ftags&post=199767"}],"curies":[{"name":"wp","href":"https:\/\/api.w.org\/{rel}","templated":true}]}}