{"id":199765,"date":"2014-10-27T17:43:00","date_gmt":"2014-10-27T17:43:00","guid":{"rendered":"http:\/\/diariodominicano.ddns.net\/?p=199765"},"modified":"2014-10-27T17:43:00","modified_gmt":"2014-10-27T17:43:00","slug":"presidente-entrega-bandera-a-los-atletas-iran-a-juegos-de-veracruz","status":"publish","type":"post","link":"https:\/\/diariodominicano.com\/?p=199765","title":{"rendered":"&#13;Presidente entrega Bandera a los atletas ir\u00e1n a Juegos de Veracruz"},"content":{"rendered":"<p><body><\/p>\n<p><img decoding=\"async\" src=\"img3\/sel 27.jpg\" \/><br \/><img decoding=\"async\" src=\"img3\/atletas 27.jpg\" \/><br \/><img decoding=\"async\" src=\"img3\/bandera 2.jpg\" \/>  <\/p>\n<p>Santo Domingo RD 27 octubre.- El presidente Danilo Medina entreg\u00f3 hoy la Bandera Nacional a una representaci\u00f3n de la delegaci\u00f3n dominicana que asistir\u00e1 a los XXII Juegos Centroamericanos y del Caribe Veracruz 2014, a celebrarse en esa ciudad del 14 al 30 de noviembre pr\u00f3ximo.<\/p>\n<\/p>\n<p>En un solemne acto realizado en el Sal\u00f3n de Embajadores del Palacio Nacional, Danilo Medina recibi\u00f3 a los principales directivos del Comit\u00e9 Ol\u00edmpico Dominicano para abanderar a la delegaci\u00f3n.<\/p>\n<\/p>\n<p>El Jefe de Estado pidi\u00f3 a los atletas que regresen triunfantes de Veracruz y brome\u00f3 con ellos al decir que espera superen la cantidad de medallas obtenidas por el pa\u00eds en los Juegos Centroamericanos y del Caribe Mayag\u00fcez 2010.<\/p>\n<\/p>\n<p>\u00abNi una menos\u00bb<\/p>\n<p>\u00abNi una menos\u00bb, se oy\u00f3 bromear al presidente Danilo Medina, al compartir y tomarse fotograf\u00edas con los atletas y el equipo t\u00e9cnico, tras finalizar el acto.<\/p>\n<\/p>\n<p>El Presidente dese\u00f3 \u00e9xitos en la jornada a la delegaci\u00f3n, compuesta por unos 450 atletas que competir\u00e1n en las distintas disciplinas.<\/p>\n<\/p>\n<p>Danilo Medina estrecha manos a los atletas<\/p>\n<p>Danilo Medina salud\u00f3 a cada uno de los atletas que integraron la nutrida representaci\u00f3n que acudi\u00f3 al Palacio Nacional.<\/p>\n<\/p>\n<p>La Bandera fue entregada a Jos\u00e9 Luis Ram\u00edrez, Jefe de la misi\u00f3n deportiva dominicana.<\/p>\n<\/p>\n<p>M\u00e1s de 30 pa\u00edses<\/p>\n<p>En la justa participar\u00e1n 31 pa\u00edses de la regi\u00f3n con cerca de 5 mil 700 atletas en 46 disciplinas deportivas.<\/p>\n<\/p>\n<p>Acompa\u00f1aron al presidente Danilo Medina los ministros de la Presidencia, Gustavo Montalvo, administrativo de la Presidencia, Jos\u00e9 Ram\u00f3n Peralta, de Deportes, Jaime David Fern\u00e1ndez y el consultor jur\u00eddico del Poder Ejecutivo, C\u00e9sar Pina Toribio.<\/p>\n<\/p>\n<p>La delegaci\u00f3n del Comit\u00e9 Ol\u00edmpico Dominicano fue encabezada por su presidente Luis\u00edn Mej\u00eda Oviedo y estuvo integrada por miembros del Comit\u00e9 Ejecutivo de la organizaci\u00f3n como Jos\u00e9 Joaqu\u00edn Puello, presidente advitam; Juan Antonio Vila, Rafael Radham\u00e9s Tav\u00e1rez Junior Arias, Jos\u00e9 Luis Ram\u00edrez y  Antonio Acosta, entre otros.<\/p>\n<h6> 2014-10-27 17:43:00 <\/h6>\n<p><!--\n<link rel=\"stylesheet\" href=\"css\/bootstrap.min.css\">\n\n\n<ul class=\"pagination\">\n\t    \n\t\n\n<li >\n\t<a href='?page_no=16234'>Previous<\/a>\n\t<\/li>\n\n\n       \n    \n\n<li><a href='?page_no=1'>1<\/a><\/li>\n\n\n\n<li><a href='?page_no=2'>2<\/a><\/li>\n\n\n\n<li><a>...<\/a><\/li>\n\n\n\n<li><a href='?page_no=16233'>16233<\/a><\/li>\n\n\n\n<li><a href='?page_no=16234'>16234<\/a><\/li>\n\n\n\n<li class='active'><a>16235<\/a><\/li>\n\n\n\n<li><a href='?page_no=16236'>16236<\/a><\/li>\n\n\n\n<li><a href='?page_no=16237'>16237<\/a><\/li>\n\n\n\n<li><a>...<\/a><\/li>\n\n\n\n<li><a href='?page_no=36618'>36618<\/a><\/li>\n\n\n\n<li><a href='?page_no=36619'>36619<\/a><\/li>\n\n    \n\t\n\n<li >\n\t<a href='?page_no=16236'>Next<\/a>\n\t<\/li>\n\n\n    \n\n<li><a href='?page_no=36619'>Last &rsaquo;&rsaquo;<\/a><\/li>\n\n<\/ul>\n\n\n--><br \/>\n<\/body><\/p>\n","protected":false},"excerpt":{"rendered":"<p>Santo Domingo RD 27 octubre.- El presidente Danilo Medina entreg\u00f3 hoy la Bandera Nacional a una representaci\u00f3n de la delegaci\u00f3n dominicana que asistir\u00e1 a los XXII Juegos Centroamericanos y del Caribe Veracruz 2014, a celebrarse en esa ciudad del 14 al 30 de noviembre pr\u00f3ximo. En un solemne acto realizado en el Sal\u00f3n de Embajadores [&hellip;]<\/p>\n","protected":false},"author":3,"featured_media":0,"comment_status":"open","ping_status":"open","sticky":false,"template":"","format":"standard","meta":{"footnotes":""},"categories":[17],"tags":[],"class_list":["post-199765","post","type-post","status-publish","format-standard","hentry","category-deportes"],"_links":{"self":[{"href":"https:\/\/diariodominicano.com\/index.php?rest_route=\/wp\/v2\/posts\/199765","targetHints":{"allow":["GET"]}}],"collection":[{"href":"https:\/\/diariodominicano.com\/index.php?rest_route=\/wp\/v2\/posts"}],"about":[{"href":"https:\/\/diariodominicano.com\/index.php?rest_route=\/wp\/v2\/types\/post"}],"author":[{"embeddable":true,"href":"https:\/\/diariodominicano.com\/index.php?rest_route=\/wp\/v2\/users\/3"}],"replies":[{"embeddable":true,"href":"https:\/\/diariodominicano.com\/index.php?rest_route=%2Fwp%2Fv2%2Fcomments&post=199765"}],"version-history":[{"count":0,"href":"https:\/\/diariodominicano.com\/index.php?rest_route=\/wp\/v2\/posts\/199765\/revisions"}],"wp:attachment":[{"href":"https:\/\/diariodominicano.com\/index.php?rest_route=%2Fwp%2Fv2%2Fmedia&parent=199765"}],"wp:term":[{"taxonomy":"category","embeddable":true,"href":"https:\/\/diariodominicano.com\/index.php?rest_route=%2Fwp%2Fv2%2Fcategories&post=199765"},{"taxonomy":"post_tag","embeddable":true,"href":"https:\/\/diariodominicano.com\/index.php?rest_route=%2Fwp%2Fv2%2Ftags&post=199765"}],"curies":[{"name":"wp","href":"https:\/\/api.w.org\/{rel}","templated":true}]}}