{"id":199763,"date":"2014-10-27T19:42:54","date_gmt":"2014-10-27T19:42:54","guid":{"rendered":"http:\/\/diariodominicano.ddns.net\/?p=199763"},"modified":"2014-10-27T19:42:54","modified_gmt":"2014-10-27T19:42:54","slug":"inicia-campeonato-nacional-de-ajedrez-sub-25-copa-banreservas","status":"publish","type":"post","link":"https:\/\/diariodominicano.com\/?p=199763","title":{"rendered":"Inicia Campeonato Nacional de Ajedrez Sub-25 \u00abCopa BanReservas"},"content":{"rendered":"<p><body><\/p>\n<p><img decoding=\"async\" src=\"http:\/\/localhost:8080\/img3\/BanReservas.jpg\" \/>  <\/p>\n<p><span class=\"text1noticias\">Santo Domingo, RD, 27 de Octubre.-Fue inaugurado el Primer Campeonato Nacional de Ajedrez Sub-25 \u00abCopa BanReservas 2014\u00bb, con la participaci\u00f3n de m\u00e1s de 48 atletas menores de 25 a\u00f1os de edad, en el marco del 73 Aniversario del Banco de Reservas de la Rep\u00fablica Dominicana, justa que cuenta con el respaldo del Ministerio de Deportes.<\/span><\/p>\n<\/p>\n<p><span class=\"text1noticias\">El acto inaugural inici\u00f3 con palabras de bienvenida y centrales a cargo del licenciado Braulio Ram\u00edrez, director ejecutivo de la Federaci\u00f3n Dominicana de Ajedrez (FDA), representando a su presidente Wily Gonz\u00e1lez Alejo, junto al vocal Pedro Brito, con la exhortaci\u00f3n deportiva.<\/span><\/p>\n<\/p>\n<p><span class=\"text1noticias\">El licenciado Pablo Jos\u00e9 Rodr\u00edguez, director de Deportes del Club BanReservas, hizo la movida de honor, en representaci\u00f3n del administrador general el licenciado Enrique Ram\u00edrez Paniagua, recordando el pasado viernes 24 de octubre la fecha del onom\u00e1stico de su fundaci\u00f3n.<\/span><\/p>\n<\/p>\n<p><span class=\"text1noticias\">Los cibae\u00f1os Christopher Guzm\u00e1n de Moca y el representante de Bonao, Franyeli Ubi\u00f1as, lideran el Torneo Nacional de Ajedrez Sub 25, \u00abCopa BanReservas\u00bb, Guzm\u00e1n dispuso de \u00c1ngel Rosario del equipo de Santo Domingo y Ubi\u00f1as, derrot\u00f3 a Juan Francisco Grisanty, del Distrito Nacional.<\/span><\/p>\n<\/p>\n<p><span class=\"text1noticias\">En otros resultados, el francomacorisano Santo Coronado empat\u00f3 con Luis Eduardo Pe\u00f1a de la localidad de Higuey y Emilio Ram\u00edrez (Santiago) a Elby Capell\u00e1n, de Moca, justa apoyada por el Ministerio de Deportes.<\/span><\/p>\n<\/p>\n<p><span class=\"text1noticias\">El evento comprende seis ronda, la primera jornada ayer s\u00e1bado 25 y siguiendo hoy domingo 26 de octubre, para continuar el pr\u00f3ximo fin de semana, 1 y 2 de noviembre en el sal\u00f3n doctor Juan Matos Rivera (Pach\u00f3n) del Centro Ol\u00edmpico Juan Pablo Duarte sede de la Federaci\u00f3n Dominicana de Ajedrez. <\/span><\/p>\n<\/p>\n<p><span class=\"text1noticias\">Con la participaci\u00f3n de 12 asociaciones de ajedrez, Distrito Nacional, Santo Domingo, Santiago, Espaillat, San Pedro de Macor\u00eds, San Francisco de Macor\u00eds, Salcedo, La Altagracia, Monse\u00f1or Nouel, Mar\u00eda Trinidad S\u00e1nchez, Barahona y San Crist\u00f3bal.(HG)<\/span>.<\/p>\n<h6> 2014-10-27 19:42:54 <\/h6>\n<p><!--\n<link rel=\"stylesheet\" href=\"css\/bootstrap.min.css\">\n\n\n<ul class=\"pagination\">\n\t    \n\t\n\n<li >\n\t<a href='?page_no=16232'>Previous<\/a>\n\t<\/li>\n\n\n       \n    \n\n<li><a href='?page_no=1'>1<\/a><\/li>\n\n\n\n<li><a href='?page_no=2'>2<\/a><\/li>\n\n\n\n<li><a>...<\/a><\/li>\n\n\n\n<li><a href='?page_no=16231'>16231<\/a><\/li>\n\n\n\n<li><a href='?page_no=16232'>16232<\/a><\/li>\n\n\n\n<li class='active'><a>16233<\/a><\/li>\n\n\n\n<li><a href='?page_no=16234'>16234<\/a><\/li>\n\n\n\n<li><a href='?page_no=16235'>16235<\/a><\/li>\n\n\n\n<li><a>...<\/a><\/li>\n\n\n\n<li><a href='?page_no=36618'>36618<\/a><\/li>\n\n\n\n<li><a href='?page_no=36619'>36619<\/a><\/li>\n\n    \n\t\n\n<li >\n\t<a href='?page_no=16234'>Next<\/a>\n\t<\/li>\n\n\n    \n\n<li><a href='?page_no=36619'>Last &rsaquo;&rsaquo;<\/a><\/li>\n\n<\/ul>\n\n\n--><br \/>\n<\/body><\/p>\n","protected":false},"excerpt":{"rendered":"<p>Santo Domingo, RD, 27 de Octubre.-Fue inaugurado el Primer Campeonato Nacional de Ajedrez Sub-25 \u00abCopa BanReservas 2014\u00bb, con la participaci\u00f3n de m\u00e1s de 48 atletas menores de 25 a\u00f1os de edad, en el marco del 73 Aniversario del Banco de Reservas de la Rep\u00fablica Dominicana, justa que cuenta con el respaldo del Ministerio de Deportes. [&hellip;]<\/p>\n","protected":false},"author":3,"featured_media":0,"comment_status":"open","ping_status":"open","sticky":false,"template":"","format":"standard","meta":{"footnotes":""},"categories":[17],"tags":[],"class_list":["post-199763","post","type-post","status-publish","format-standard","hentry","category-deportes"],"_links":{"self":[{"href":"https:\/\/diariodominicano.com\/index.php?rest_route=\/wp\/v2\/posts\/199763","targetHints":{"allow":["GET"]}}],"collection":[{"href":"https:\/\/diariodominicano.com\/index.php?rest_route=\/wp\/v2\/posts"}],"about":[{"href":"https:\/\/diariodominicano.com\/index.php?rest_route=\/wp\/v2\/types\/post"}],"author":[{"embeddable":true,"href":"https:\/\/diariodominicano.com\/index.php?rest_route=\/wp\/v2\/users\/3"}],"replies":[{"embeddable":true,"href":"https:\/\/diariodominicano.com\/index.php?rest_route=%2Fwp%2Fv2%2Fcomments&post=199763"}],"version-history":[{"count":0,"href":"https:\/\/diariodominicano.com\/index.php?rest_route=\/wp\/v2\/posts\/199763\/revisions"}],"wp:attachment":[{"href":"https:\/\/diariodominicano.com\/index.php?rest_route=%2Fwp%2Fv2%2Fmedia&parent=199763"}],"wp:term":[{"taxonomy":"category","embeddable":true,"href":"https:\/\/diariodominicano.com\/index.php?rest_route=%2Fwp%2Fv2%2Fcategories&post=199763"},{"taxonomy":"post_tag","embeddable":true,"href":"https:\/\/diariodominicano.com\/index.php?rest_route=%2Fwp%2Fv2%2Ftags&post=199763"}],"curies":[{"name":"wp","href":"https:\/\/api.w.org\/{rel}","templated":true}]}}