{"id":199762,"date":"2014-10-27T19:47:38","date_gmt":"2014-10-27T19:47:38","guid":{"rendered":"http:\/\/diariodominicano.ddns.net\/?p=199762"},"modified":"2014-10-27T19:47:38","modified_gmt":"2014-10-27T19:47:38","slug":"mencia-martinez-establece-record-en-50-metros-en-campeonatos-de-natacion","status":"publish","type":"post","link":"https:\/\/diariodominicano.com\/?p=199762","title":{"rendered":"Menc\u00eda Mart\u00ednez establece record en 50 metros  en Campeonatos de Nataci\u00f3n"},"content":{"rendered":"<p><body><\/p>\n<p><img decoding=\"async\" src=\"img3\/RECORD.jpg\" \/>  <\/p>\n<p><span class=\"text1noticias\">Santo Domingo, RD, 27 de Ocutbre.-La arroyohondina Mariel Menc\u00eda Mart\u00ednez estableci\u00f3 un r\u00e9cord nacional en los 50 metros dorso con 0:34.58, marca que tuvo que esperar 20 a\u00f1os (1994) que estaba en poder de Diana Khoury de Casa de Espa\u00f1a, que era de 0:34.99.<\/span><\/p>\n<\/p>\n<p><span class=\"text1noticias\">Menc\u00eda, en los 11-12 a\u00f1os del nivel infantil, viene de establecer marcas en los torneos de Santiago, de las Pira\u00f1as del Club Amaprosan, los campeonatos de Asonasa y el Invitacional de Los F\u00e9nix de Santo Domingo, entre otros.<\/span><\/p>\n<\/p>\n<p><span class=\"text1noticias\">Evento fue organizado por la Asociaci\u00f3n de Nataci\u00f3n del Distrito Nacional, que preside Oliver Guill\u00e9n, patrocinado por Miderec y Fedona, respectivamente.(HG)<\/span>.<\/p>\n<h6> 2014-10-27 19:47:38 <\/h6>\n<p><!--\n<link rel=\"stylesheet\" href=\"css\/bootstrap.min.css\">\n\n\n<ul class=\"pagination\">\n\t    \n\t\n\n<li >\n\t<a href='?page_no=16231'>Previous<\/a>\n\t<\/li>\n\n\n       \n    \n\n<li><a href='?page_no=1'>1<\/a><\/li>\n\n\n\n<li><a href='?page_no=2'>2<\/a><\/li>\n\n\n\n<li><a>...<\/a><\/li>\n\n\n\n<li><a href='?page_no=16230'>16230<\/a><\/li>\n\n\n\n<li><a href='?page_no=16231'>16231<\/a><\/li>\n\n\n\n<li class='active'><a>16232<\/a><\/li>\n\n\n\n<li><a href='?page_no=16233'>16233<\/a><\/li>\n\n\n\n<li><a href='?page_no=16234'>16234<\/a><\/li>\n\n\n\n<li><a>...<\/a><\/li>\n\n\n\n<li><a href='?page_no=36618'>36618<\/a><\/li>\n\n\n\n<li><a href='?page_no=36619'>36619<\/a><\/li>\n\n    \n\t\n\n<li >\n\t<a href='?page_no=16233'>Next<\/a>\n\t<\/li>\n\n\n    \n\n<li><a href='?page_no=36619'>Last &rsaquo;&rsaquo;<\/a><\/li>\n\n<\/ul>\n\n\n--><br \/>\n<\/body><\/p>\n","protected":false},"excerpt":{"rendered":"<p>Santo Domingo, RD, 27 de Ocutbre.-La arroyohondina Mariel Menc\u00eda Mart\u00ednez estableci\u00f3 un r\u00e9cord nacional en los 50 metros dorso con 0:34.58, marca que tuvo que esperar 20 a\u00f1os (1994) que estaba en poder de Diana Khoury de Casa de Espa\u00f1a, que era de 0:34.99. Menc\u00eda, en los 11-12 a\u00f1os del nivel infantil, viene de establecer [&hellip;]<\/p>\n","protected":false},"author":3,"featured_media":0,"comment_status":"open","ping_status":"open","sticky":false,"template":"","format":"standard","meta":{"footnotes":""},"categories":[17],"tags":[],"class_list":["post-199762","post","type-post","status-publish","format-standard","hentry","category-deportes"],"_links":{"self":[{"href":"https:\/\/diariodominicano.com\/index.php?rest_route=\/wp\/v2\/posts\/199762","targetHints":{"allow":["GET"]}}],"collection":[{"href":"https:\/\/diariodominicano.com\/index.php?rest_route=\/wp\/v2\/posts"}],"about":[{"href":"https:\/\/diariodominicano.com\/index.php?rest_route=\/wp\/v2\/types\/post"}],"author":[{"embeddable":true,"href":"https:\/\/diariodominicano.com\/index.php?rest_route=\/wp\/v2\/users\/3"}],"replies":[{"embeddable":true,"href":"https:\/\/diariodominicano.com\/index.php?rest_route=%2Fwp%2Fv2%2Fcomments&post=199762"}],"version-history":[{"count":0,"href":"https:\/\/diariodominicano.com\/index.php?rest_route=\/wp\/v2\/posts\/199762\/revisions"}],"wp:attachment":[{"href":"https:\/\/diariodominicano.com\/index.php?rest_route=%2Fwp%2Fv2%2Fmedia&parent=199762"}],"wp:term":[{"taxonomy":"category","embeddable":true,"href":"https:\/\/diariodominicano.com\/index.php?rest_route=%2Fwp%2Fv2%2Fcategories&post=199762"},{"taxonomy":"post_tag","embeddable":true,"href":"https:\/\/diariodominicano.com\/index.php?rest_route=%2Fwp%2Fv2%2Ftags&post=199762"}],"curies":[{"name":"wp","href":"https:\/\/api.w.org\/{rel}","templated":true}]}}