{"id":199760,"date":"2014-10-28T11:55:10","date_gmt":"2014-10-28T11:55:10","guid":{"rendered":"http:\/\/diariodominicano.ddns.net\/?p=199760"},"modified":"2014-10-28T11:55:10","modified_gmt":"2014-10-28T11:55:10","slug":"danilo-medina-entrega-bandera-a-delegacion-va-a-juegos-de-veracruz","status":"publish","type":"post","link":"https:\/\/diariodominicano.com\/?p=199760","title":{"rendered":"Danilo Medina entrega bandera a delegaci\u00f3n va a Juegos de Veracruz"},"content":{"rendered":"<p><body><\/p>\n<p><img decoding=\"async\" src=\"img3\/entrega 28.jpeg\" \/>  <\/p>\n<p>ACTO<\/p>\n<p>Presidente anima a no traer \u00abni una menos\u00bb<\/p>\n<p>Danilo Medina entrega bandera a delegaci\u00f3n va a Juegos de Veracruz<\/p>\n<\/p>\n<p>El presidente Danilo Medina entrega la bandera a Jos\u00e9 Luis Ram\u00edrez, Jefe de la Delegaci\u00f3n Dominicana que asistir\u00e1 a los Juegos de Veracruz 2014.<\/p>\n<p>Compartir este art\u00edculo<\/p>\n<\/p>\n<p>Ram\u00f3n Rodr\u00edguez<\/p>\n<p>Santo Domingo<\/p>\n<p>El presidente Danilo M\u00e9dina se estren\u00f3 como anfitri\u00f3n de una delegaci\u00f3n que va a un evento del Ciclo Ol\u00edmpico, esta vez para entregar la bandera nacional al Jefe de Misi\u00f3n. Esta vez la misi\u00f3n deportiva va a los XXII Juegos Centroamericanos y del Caribe de Veracruz, M\u00e9xico 2014. <\/p>\n<\/p>\n<p>El escenario fue el Sal\u00f3n de Embajadores, cerca del medio d\u00eda de ayer  cuando el mandatario se vio muy animado, salud\u00f3 a cada uno de los atletas, dando una palmadita de aliento, no sin antes referirles que la participaci\u00f3n dominicana en los Juegos Centroamericanos y del Caribe de 2010, celebrados en la ciudad de Mayag\u00fcez, Puerto Rico, donde el pa\u00eds obtuvo 137 medallas (31 de oro, 38 de plata y 68 de bronce).<\/p>\n<\/p>\n<p>\u00abNi una menos\u00bb, coment\u00f3 entre sonrisas el Presidente al mirar las perspectivas de Veracruz y haciendo referencia a la buena participaci\u00f3n en la pasada edici\u00f3n de la principal fiesta deportiva de la regi\u00f3n y la m\u00e1s antigua. Dese\u00f3 \u00abmucha suerte\u00bb a los deportistas a los que salud\u00f3 uno por uno, incluyendo atletas, t\u00e9cnicos y ejecutivos de federaciones.<\/p>\n<\/p>\n<p>La parte principal del acto que dur\u00f3 casi media hora fue la entrega de la bandera de parte del presidente Medina al Jefe de Misi\u00f3n, Jos\u00e9 Luis Ram\u00edrez. El gobernante estuvo acompa\u00f1ado de Gustavo Montalvo, Ministro de la Presidencia; C\u00e9sar Pina Toribio, Consultor Jur\u00eddico del Poder Ejecutivo; Jos\u00e9 Ram\u00f3n Peralta, Ministro Administrativo de la Presidencia; Jaime David Fern\u00e1ndez Mirabal, Ministro de Deportes; Enmanuel Trinidad, Vice Ministro de Deportes.<\/p>\n<\/p>\n<p>Inmediatamente despu\u00e9s de recibir la bandera, Ram\u00edrez dirigi\u00f3 palabras de elogios al Presidente Medina, se\u00f1alando que el Mandatario estaba entregando la bandera en representaci\u00f3n de 10 millones de dominicanos \u00ablo que se redime en 450 atletas que tendr\u00e1n la responsabilidad de participar con gallard\u00eda en Veracruz\u00bb.<\/p>\n<\/p>\n<p>\u00abCompensaremos el aporte oportuno que ha hecho el Gobierno para que nos preparemos bien\u00bb, sentenci\u00f3 Ram\u00edrez que termin\u00f3 diciendo que los atletas dominicanos \u00abvamos a Veracruz con la Patria en la frente, la Naci\u00f3n en la espalda, en las manos la bandera y nuestro himno en el coraz\u00f3n\u00bb. <\/p>\n<h6> 2014-10-28 11:55:10 <\/h6>\n<p><!--\n<link rel=\"stylesheet\" href=\"css\/bootstrap.min.css\">\n\n\n<ul class=\"pagination\">\n\t    \n\t\n\n<li >\n\t<a href='?page_no=16229'>Previous<\/a>\n\t<\/li>\n\n\n       \n    \n\n<li><a href='?page_no=1'>1<\/a><\/li>\n\n\n\n<li><a href='?page_no=2'>2<\/a><\/li>\n\n\n\n<li><a>...<\/a><\/li>\n\n\n\n<li><a href='?page_no=16228'>16228<\/a><\/li>\n\n\n\n<li><a href='?page_no=16229'>16229<\/a><\/li>\n\n\n\n<li class='active'><a>16230<\/a><\/li>\n\n\n\n<li><a href='?page_no=16231'>16231<\/a><\/li>\n\n\n\n<li><a href='?page_no=16232'>16232<\/a><\/li>\n\n\n\n<li><a>...<\/a><\/li>\n\n\n\n<li><a href='?page_no=36618'>36618<\/a><\/li>\n\n\n\n<li><a href='?page_no=36619'>36619<\/a><\/li>\n\n    \n\t\n\n<li >\n\t<a href='?page_no=16231'>Next<\/a>\n\t<\/li>\n\n\n    \n\n<li><a href='?page_no=36619'>Last &rsaquo;&rsaquo;<\/a><\/li>\n\n<\/ul>\n\n\n--><br \/>\n<\/body><\/p>\n","protected":false},"excerpt":{"rendered":"<p>ACTO Presidente anima a no traer \u00abni una menos\u00bb Danilo Medina entrega bandera a delegaci\u00f3n va a Juegos de Veracruz El presidente Danilo Medina entrega la bandera a Jos\u00e9 Luis Ram\u00edrez, Jefe de la Delegaci\u00f3n Dominicana que asistir\u00e1 a los Juegos de Veracruz 2014. Compartir este art\u00edculo Ram\u00f3n Rodr\u00edguez Santo Domingo El presidente Danilo M\u00e9dina [&hellip;]<\/p>\n","protected":false},"author":3,"featured_media":0,"comment_status":"open","ping_status":"open","sticky":false,"template":"","format":"standard","meta":{"footnotes":""},"categories":[17],"tags":[],"class_list":["post-199760","post","type-post","status-publish","format-standard","hentry","category-deportes"],"_links":{"self":[{"href":"https:\/\/diariodominicano.com\/index.php?rest_route=\/wp\/v2\/posts\/199760","targetHints":{"allow":["GET"]}}],"collection":[{"href":"https:\/\/diariodominicano.com\/index.php?rest_route=\/wp\/v2\/posts"}],"about":[{"href":"https:\/\/diariodominicano.com\/index.php?rest_route=\/wp\/v2\/types\/post"}],"author":[{"embeddable":true,"href":"https:\/\/diariodominicano.com\/index.php?rest_route=\/wp\/v2\/users\/3"}],"replies":[{"embeddable":true,"href":"https:\/\/diariodominicano.com\/index.php?rest_route=%2Fwp%2Fv2%2Fcomments&post=199760"}],"version-history":[{"count":0,"href":"https:\/\/diariodominicano.com\/index.php?rest_route=\/wp\/v2\/posts\/199760\/revisions"}],"wp:attachment":[{"href":"https:\/\/diariodominicano.com\/index.php?rest_route=%2Fwp%2Fv2%2Fmedia&parent=199760"}],"wp:term":[{"taxonomy":"category","embeddable":true,"href":"https:\/\/diariodominicano.com\/index.php?rest_route=%2Fwp%2Fv2%2Fcategories&post=199760"},{"taxonomy":"post_tag","embeddable":true,"href":"https:\/\/diariodominicano.com\/index.php?rest_route=%2Fwp%2Fv2%2Ftags&post=199760"}],"curies":[{"name":"wp","href":"https:\/\/api.w.org\/{rel}","templated":true}]}}