{"id":199756,"date":"2014-10-28T12:34:43","date_gmt":"2014-10-28T12:34:43","guid":{"rendered":"http:\/\/diariodominicano.ddns.net\/?p=199756"},"modified":"2014-10-28T12:34:43","modified_gmt":"2014-10-28T12:34:43","slug":"cadaver-de-oscar-taveras-sera-sepultado-esta-tarde","status":"publish","type":"post","link":"https:\/\/diariodominicano.com\/?p=199756","title":{"rendered":"Cad\u00e1ver de Oscar Taveras ser\u00e1 sepultado esta tarde"},"content":{"rendered":"<p><body><\/p>\n<p>Sos\u00faa, Puerto Plata RD 28 octubre.- El cad\u00e1ver del jugador Oscar Taveras, quien falleciera en un tr\u00e1gico accidente el pasado domingo, est\u00e1 siendo velado desde anoche en la Funeraria Blas Blass de aqu\u00ed y ser\u00e1 sepultado esta tarde a las cuatro.<\/p>\n<\/p>\n<p>En medio de un llanto generalizado, al filo de las siete de la noche, familiares, compa\u00f1eros, directivos y el pueblo en general, recibieron el cuerpo sin vida del jardinero de Cardenales de San Luis y \u00c1guilas Cibae\u00f1as, de apenas 22 a\u00f1os de edad.<\/p>\n<\/p>\n<p>Inmediatamente fue expuesto el difunto Taveras, comenz\u00f3 el torrente de lamentos y sollozos que reflejaban el sufrimiento y dolor de todos los que sent\u00edan amor y afecto por el definido por muchos como \u00abun joven lleno de vida\u00bb.<\/p>\n<\/p>\n<p>Deseosos por dar un \u00faltimo adi\u00f3s al prometedor jugador de Grandes Ligas, una avalancha humana abarrot\u00f3 el lugar f\u00fanebre que result\u00f3 insuficiente para albergarlos a todos.<\/p>\n<\/p>\n<p>Entre sollozos, Francisco Taveras, padre del extinto atleta, record\u00f3 las palabras finales que escuch\u00f3 de su hijo cuando tuvieron un \u00faltimo contacto. <\/p>\n<\/p>\n<p>\u00abPapi, el a\u00f1o que viene me voy a ganar un puesto seguro con San Luis\u00bb, me dijo.<\/p>\n<\/p>\n<p>En medio del dolor, el progenitor de Taveras sac\u00f3 fuerzas para enviar un mensaje a todos los j\u00f3venes del pa\u00eds, exhort\u00e1ndolos a que se llenen de tolerancia y que sean modelos a seguir dentro de la sociedad. <\/p>\n<\/p>\n<p>\u00abQue esto les sirva de ejemplo para que tomen las cosas con calma\u00bb, extern\u00f3 muy compungido.<\/p>\n<\/p>\n<p>La madre de Oscar, Marisela Taveras, desconsolada y embargada por la tristeza, no pudo expresar palabras.<\/p>\n<\/p>\n<p>Dos d\u00edas de duelo<\/p>\n<p>La alcaldesa de Sos\u00faa, Llana Neumann, inform\u00f3 la declaraci\u00f3n de dos d\u00edas de duelo en todo el pueblo por tan lamentable hecho.<\/p>\n<\/p>\n<p>Al caer la tarde del pasado domingo, Taveras junto a su novia Jamaly Arvelo regresaban de un paseo al R\u00edo Jamao y en un tramo de la carretera Sos\u00faa-Cabarete, este perdi\u00f3 el control del veh\u00edculo Chevrolet Camaro 2014, desliz\u00e1ndose y posteriormente chocando contra un \u00e1rbol, provocando el fallecimiento instant\u00e1neo de ambos j\u00f3venes.<\/p>\n<\/p>\n<p>Unas horas m\u00e1s tarde de ocurrir el tr\u00e1gico accidente, el cuerpo sin vida de Taveras fue trasladado al Instituto Nacional de Ciencias Forenses (Inacif) en Santiago en procura de determinar las causas de su deceso. <\/p>\n<\/p>\n<p>Asimismo, durante la tarde de ayer, el rostro desfigurado del extinto jugador fue sometido a una reestructuraci\u00f3n.<\/p>\n<\/p>\n<p>La se\u00f1orita Arvelo, de 18 a\u00f1os de edad, fue sepultada ayer por la tarde en su natal, Moca, provincia Espaillat.<\/p>\n<\/p>\n<p>Bajo el ambiente lleno de tristeza, acudieron a la funeraria Winston -Chilote- Llenas, presidente Ad Vitam de \u00c1guilas Cibae\u00f1as, tambi\u00e9n el gerente general, Stanley Javier, adem\u00e1s de compa\u00f1eros como Jonathan Villar y el lanzador Carlos Mart\u00ednez, su compa\u00f1ero de equipo en las Grandes Ligas, Cardenales de San Luis, entre otros.<\/p>\n<\/p>\n<p>Llenas lament\u00f3 profundamente la irreparable p\u00e9rdida de un ser humano con tanto potencial.<\/p>\n<\/p>\n<p>\u00abLa partida a destiempo de Oscar no es solo una p\u00e9rdida para los aguiluchos, sino para todo el que siente por el b\u00e9isbol. Es un dolor tan fuerte que me hace recordar lo que sent\u00ed cuando falleci\u00f3 Jos\u00e9 Lima\u00bb, dijo Llenas.<\/p>\n<\/p>\n<p>En 2013, Taveras estuvo cotizado como el tercer mejor prospecto de todo el b\u00e9isbol y primero en la organizaci\u00f3n de San Luis.<\/p>\n<\/p>\n<p>Seg\u00fan trascendi\u00f3, el gerente de los Cardenales, John Mozeliak, y el dirigente Mike Matheny, se encuentran en el pa\u00eds para asistir a las honras f\u00fanebres.<\/p>\n<\/p>\n<p>Familiares de Taveras informaron que el sepelio se realizar\u00e1 hoy, a las 4 PM, en el Cementerio Municipal de Sos\u00faa.<\/p>\n<h6> 2014-10-28 12:34:43 <\/h6>\n<p><!--\n<link rel=\"stylesheet\" href=\"css\/bootstrap.min.css\">\n\n\n<ul class=\"pagination\">\n\t    \n\t\n\n<li >\n\t<a href='?page_no=16226'>Previous<\/a>\n\t<\/li>\n\n\n       \n    \n\n<li><a href='?page_no=1'>1<\/a><\/li>\n\n\n\n<li><a href='?page_no=2'>2<\/a><\/li>\n\n\n\n<li><a>...<\/a><\/li>\n\n\n\n<li><a href='?page_no=16225'>16225<\/a><\/li>\n\n\n\n<li><a href='?page_no=16226'>16226<\/a><\/li>\n\n\n\n<li class='active'><a>16227<\/a><\/li>\n\n\n\n<li><a href='?page_no=16228'>16228<\/a><\/li>\n\n\n\n<li><a href='?page_no=16229'>16229<\/a><\/li>\n\n\n\n<li><a>...<\/a><\/li>\n\n\n\n<li><a href='?page_no=36618'>36618<\/a><\/li>\n\n\n\n<li><a href='?page_no=36619'>36619<\/a><\/li>\n\n    \n\t\n\n<li >\n\t<a href='?page_no=16228'>Next<\/a>\n\t<\/li>\n\n\n    \n\n<li><a href='?page_no=36619'>Last &rsaquo;&rsaquo;<\/a><\/li>\n\n<\/ul>\n\n\n--><br \/>\n<\/body><\/p>\n","protected":false},"excerpt":{"rendered":"<p>Sos\u00faa, Puerto Plata RD 28 octubre.- El cad\u00e1ver del jugador Oscar Taveras, quien falleciera en un tr\u00e1gico accidente el pasado domingo, est\u00e1 siendo velado desde anoche en la Funeraria Blas Blass de aqu\u00ed y ser\u00e1 sepultado esta tarde a las cuatro. En medio de un llanto generalizado, al filo de las siete de la noche, [&hellip;]<\/p>\n","protected":false},"author":3,"featured_media":0,"comment_status":"open","ping_status":"open","sticky":false,"template":"","format":"standard","meta":{"footnotes":""},"categories":[17],"tags":[],"class_list":["post-199756","post","type-post","status-publish","format-standard","hentry","category-deportes"],"_links":{"self":[{"href":"https:\/\/diariodominicano.com\/index.php?rest_route=\/wp\/v2\/posts\/199756","targetHints":{"allow":["GET"]}}],"collection":[{"href":"https:\/\/diariodominicano.com\/index.php?rest_route=\/wp\/v2\/posts"}],"about":[{"href":"https:\/\/diariodominicano.com\/index.php?rest_route=\/wp\/v2\/types\/post"}],"author":[{"embeddable":true,"href":"https:\/\/diariodominicano.com\/index.php?rest_route=\/wp\/v2\/users\/3"}],"replies":[{"embeddable":true,"href":"https:\/\/diariodominicano.com\/index.php?rest_route=%2Fwp%2Fv2%2Fcomments&post=199756"}],"version-history":[{"count":0,"href":"https:\/\/diariodominicano.com\/index.php?rest_route=\/wp\/v2\/posts\/199756\/revisions"}],"wp:attachment":[{"href":"https:\/\/diariodominicano.com\/index.php?rest_route=%2Fwp%2Fv2%2Fmedia&parent=199756"}],"wp:term":[{"taxonomy":"category","embeddable":true,"href":"https:\/\/diariodominicano.com\/index.php?rest_route=%2Fwp%2Fv2%2Fcategories&post=199756"},{"taxonomy":"post_tag","embeddable":true,"href":"https:\/\/diariodominicano.com\/index.php?rest_route=%2Fwp%2Fv2%2Ftags&post=199756"}],"curies":[{"name":"wp","href":"https:\/\/api.w.org\/{rel}","templated":true}]}}