{"id":199742,"date":"2014-10-29T22:46:43","date_gmt":"2014-10-29T22:46:43","guid":{"rendered":"http:\/\/diariodominicano.ddns.net\/?p=199742"},"modified":"2014-10-29T22:46:43","modified_gmt":"2014-10-29T22:46:43","slug":"ministro-inaugura-vi-juegos-escolares-deportivos-nacionales","status":"publish","type":"post","link":"https:\/\/diariodominicano.com\/?p=199742","title":{"rendered":"Ministro inaugura VI Juegos Escolares Deportivos Nacionales &#13;"},"content":{"rendered":"<p><body><\/p>\n<p><img decoding=\"async\" src=\"img3\/funcionarios.jpg\" \/><br \/><img decoding=\"async\" src=\"img3\/desfile.jpg\" \/><br \/><img decoding=\"async\" src=\"img3\/timbales.jpg\" \/>  <\/p>\n<p><span class=\"text1noticias\">La Romana, RD, 29 de Octubre.-En una vistosa y alegre ceremonia, el ministro de Educaci\u00f3n, licenciado Carlos Amarante Baret inaugur\u00f3 este mi\u00e9rcoles los VI Juegos Escolares Deportivos Nacionales, en los que participar\u00e1n m\u00e1s de tres mil atletas de todo el pa\u00eds, dedicados este a\u00f1o a la Revoluci\u00f3n Educativa que impulsa el Presidente Danilo Medina.<\/span><\/p>\n<\/p>\n<p><span class=\"text1noticias\">La inauguraci\u00f3n de las competencias deportivas inici\u00f3 con el desfile de las distintas delegaciones, encabezadas por la zona Norte, seguida por las del Sureste, el Sur, Zona Metropolitana y Este. Cada zona es representada por seis delegaciones en igual n\u00famero de disciplinas. La delegaci\u00f3n de La Romana tambi\u00e9n desfil\u00f3 como ciudad anfitriona.<\/span><\/p>\n<\/p>\n<p><span class=\"text1noticias\">Al pronunciar el discurso de orden, el ministro de Educaci\u00f3n augur\u00f3 el \u00e9xito de los Sextos Juegos Deportivos Escolares, los cuales forman parte de la Revoluci\u00f3n Educativa actualmente en marcha.<\/span><\/p>\n<\/p>\n<p><span class=\"text1noticias\">Apunt\u00f3 que los juegos se clausurar\u00e1n el pr\u00f3ximo seis de noviembre con la entrega de la sede de los S\u00e9ptimos Juegos Deportivos Escolares a la ciudad de Moca, que los celebrar\u00e1 en 2016.<\/span><\/p>\n<\/p>\n<p><span class=\"text1noticias\">Afirm\u00f3 que estos juegos no hubieran sido posibles sin la voluntad del presidente Medina, e indic\u00f3 que la educaci\u00f3n dominicana vive actualmente una etapa estelar con la aplicaci\u00f3n de la Jornada Escolar Extendida como paradigma del nuevo sistema educativo nacional.<\/span><\/p>\n<\/p>\n<p><span class=\"text1noticias\">Amarante Baret dijo que estos juegos desbordaron las expectativas de los organizadores en cuanto a participaci\u00f3n de los estudiantes atletas que competir\u00e1n en 23 disciplinas, entre ellas 7 curriculares (ajedrez, baloncesto, voleibol, baseball, atletismo, gimnasia y f\u00fatbol) y otras co-curriculares como balonmano, baloncesto tres para tres, levantamiento de pesas, taekwondo, judo, karate, lucha ol\u00edmpica y tenis de mesa.  <\/span><\/p>\n<\/p>\n<p><span class=\"text1noticias\">Las palabras de bienvenida las pronunci\u00f3 el gobernador provincial, Juan Jos\u00e9 Santana, quien proclam\u00f3 que hoy una vez m\u00e1s La Romana se viste de gala, porque ya antes fue sede de los Juegos Deportivos Nacionales, con lo que demostr\u00f3 como ciudad que \u00abs\u00ed se puede\u00bb.<\/span><\/p>\n<\/p>\n<p><span class=\"text1noticias\">De su lado, el presidente del Comit\u00e9 Organizador de los Juegos, Jos\u00e9 Reyes Reyes, dio las gracias al presidente Danilo Medina de permitir la celebraci\u00f3n de las competencias en La Romana. Dijo confiar que estos ser\u00e1n los m\u00e1s exitosos juegos deportivos escolares, debido a la participaci\u00f3n entusiasta de los m\u00e1s de tres mil atletas que competir\u00e1n.<\/span><\/p>\n<\/p>\n<p><span class=\"text1noticias\">A su vez, el director del INEFI, instituci\u00f3n organizadora de los juegos, agradeci\u00f3 tambi\u00e9n al presidente de la Rep\u00fablica de aprobar, a trav\u00e9s del minsitro de Educaci\u00f3n, la celebraci\u00f3n de las competiciones.<\/span><\/p>\n<\/p>\n<p><span class=\"text1noticias\">Dijo que este a\u00f1o participaron unos 900 mil estudiantes de todo el pa\u00eds en las competiciones intramuros que dieron paso a las eliminatorias regionales y luego a las distritales para escoger a los m\u00e1s de tres mil que participar\u00e1n en estas competencias.<\/span><\/p>\n<\/p>\n<p><span class=\"text1noticias\">Agreg\u00f3 que por primera vez, gracias a la visi\u00f3n del ministro de Educaci\u00f3n, esta vez se compiten por primera vez atletas paral\u00edmpicos.<\/span><\/p>\n<\/p>\n<p><span class=\"text1noticias\">\u00abEstos juegos fueron posibles gracias a la ciudad de La Romana, y quiero agradecer las gestiones de la senadora Amarilis Santana, del doctor Jos\u00e9 Reyes, la directora de Distrito Feliciana Do\u00f1\u00e9, el diputado Pedro Do\u00f1\u00e9 y otras distinguidas personalidades\u00bb, proclam\u00f3.<\/span><\/p>\n<p><span class=\"text1noticias\">El acto inaugural se celebr\u00f3 en el estadio de beisbol Francisco Micheli, de La Romana, a las 5:00 de la tarde donde se dieron cita alrededor de 12 mil personas, entre ellas autoridades provinciales, municipales y educativas. Previamente hubo un opening  animado por el p\u00fablico.  <\/span><\/p>\n<\/p>\n<p><span class=\"text1noticias\">En el evento deportivo competir\u00e1n 3,050 estudiantes-atletas de todo el pa\u00eds con edades comprendidas entre los 15 y 16 a\u00f1os. Una de las novedades de la justa es la participaci\u00f3n de 147 deportistas paral\u00edmpicos.<\/span><\/p>\n<\/p>\n<p><span class=\"text1noticias\">Una de las sorpresas de la ceremonia oficial fue la participaci\u00f3n del atleta Luguel\u00edn Santos, medalla de plata ol\u00edmpico, quien port\u00f3 la antorcha.  Santos es un destacado atleta que surgi\u00f3 del deporte escolar.<\/span><\/p>\n<\/p>\n<p><span class=\"text1noticias\">El evento deportivo es organizado por el Instituto Nacional Educaci\u00f3n F\u00edsica (INEFI), dependencia del Ministerio de Educaci\u00f3n; ser\u00e1 celebrado hasta el d\u00eda 7 de noviembre. Los atletas hab\u00edan participado en un proceso clasificatorio de varias etapas: juegos intramuros, inter escolares, regionales e interregional.<\/span><\/p>\n<\/p>\n<p><span class=\"text1noticias\">Los juegos se desarrollar\u00e1n en las instalaciones del complejo deportivo de La Romana; en adici\u00f3n, hay habilitadas otras seis instalaciones ubicadas en clubes y centros educativos.<\/span><\/p>\n<\/p>\n<p><span class=\"text1noticias\">Junto a Amarante Baret estuvieron el ministro de Deportes, Jaime David Fern\u00e1ndez Mirabal, el presidente del Comit\u00e9 Ol\u00edmpico Dominicano, Luis\u00edn Mej\u00eda; la senadora Amarilis Santana, el gobernador Juan Jos\u00e9 Santana, el director del INEFI, Danilo Mesa, el presidente del Comit\u00e9 Organizador de los Juegos, el doctor Jos\u00e9 Reyes Reyes, la alcaldesa Maritza Suero.<\/span><\/p>\n<\/p>\n<p><span class=\"text1noticias\">Concluida la ceremonia inaugural, el Comit\u00e9 Organizador de los Juegos entreg\u00f3 al presidente Medina, al trav\u00e9s del ministro de Educaci\u00f3n, una placa de reconocimiento por hacer posible los Sextos Juegos Deportivos Escolares. Luego la baloncestista Lisbeth Mont\u00e1s tom\u00f3 el juramento deportivo a los atletas.(HG<\/span>.)<\/p>\n<h6> 2014-10-29 22:46:43 <\/h6>\n<p><!--\n<link rel=\"stylesheet\" href=\"css\/bootstrap.min.css\">\n\n\n<ul class=\"pagination\">\n\t    \n\t\n\n<li >\n\t<a href='?page_no=16213'>Previous<\/a>\n\t<\/li>\n\n\n       \n    \n\n<li><a href='?page_no=1'>1<\/a><\/li>\n\n\n\n<li><a href='?page_no=2'>2<\/a><\/li>\n\n\n\n<li><a>...<\/a><\/li>\n\n\n\n<li><a href='?page_no=16212'>16212<\/a><\/li>\n\n\n\n<li><a href='?page_no=16213'>16213<\/a><\/li>\n\n\n\n<li class='active'><a>16214<\/a><\/li>\n\n\n\n<li><a href='?page_no=16215'>16215<\/a><\/li>\n\n\n\n<li><a href='?page_no=16216'>16216<\/a><\/li>\n\n\n\n<li><a>...<\/a><\/li>\n\n\n\n<li><a href='?page_no=36618'>36618<\/a><\/li>\n\n\n\n<li><a href='?page_no=36619'>36619<\/a><\/li>\n\n    \n\t\n\n<li >\n\t<a href='?page_no=16215'>Next<\/a>\n\t<\/li>\n\n\n    \n\n<li><a href='?page_no=36619'>Last &rsaquo;&rsaquo;<\/a><\/li>\n\n<\/ul>\n\n\n--><br \/>\n<\/body><\/p>\n","protected":false},"excerpt":{"rendered":"<p>La Romana, RD, 29 de Octubre.-En una vistosa y alegre ceremonia, el ministro de Educaci\u00f3n, licenciado Carlos Amarante Baret inaugur\u00f3 este mi\u00e9rcoles los VI Juegos Escolares Deportivos Nacionales, en los que participar\u00e1n m\u00e1s de tres mil atletas de todo el pa\u00eds, dedicados este a\u00f1o a la Revoluci\u00f3n Educativa que impulsa el Presidente Danilo Medina. La [&hellip;]<\/p>\n","protected":false},"author":3,"featured_media":0,"comment_status":"open","ping_status":"open","sticky":false,"template":"","format":"standard","meta":{"footnotes":""},"categories":[17],"tags":[],"class_list":["post-199742","post","type-post","status-publish","format-standard","hentry","category-deportes"],"_links":{"self":[{"href":"https:\/\/diariodominicano.com\/index.php?rest_route=\/wp\/v2\/posts\/199742","targetHints":{"allow":["GET"]}}],"collection":[{"href":"https:\/\/diariodominicano.com\/index.php?rest_route=\/wp\/v2\/posts"}],"about":[{"href":"https:\/\/diariodominicano.com\/index.php?rest_route=\/wp\/v2\/types\/post"}],"author":[{"embeddable":true,"href":"https:\/\/diariodominicano.com\/index.php?rest_route=\/wp\/v2\/users\/3"}],"replies":[{"embeddable":true,"href":"https:\/\/diariodominicano.com\/index.php?rest_route=%2Fwp%2Fv2%2Fcomments&post=199742"}],"version-history":[{"count":0,"href":"https:\/\/diariodominicano.com\/index.php?rest_route=\/wp\/v2\/posts\/199742\/revisions"}],"wp:attachment":[{"href":"https:\/\/diariodominicano.com\/index.php?rest_route=%2Fwp%2Fv2%2Fmedia&parent=199742"}],"wp:term":[{"taxonomy":"category","embeddable":true,"href":"https:\/\/diariodominicano.com\/index.php?rest_route=%2Fwp%2Fv2%2Fcategories&post=199742"},{"taxonomy":"post_tag","embeddable":true,"href":"https:\/\/diariodominicano.com\/index.php?rest_route=%2Fwp%2Fv2%2Ftags&post=199742"}],"curies":[{"name":"wp","href":"https:\/\/api.w.org\/{rel}","templated":true}]}}