{"id":199736,"date":"2014-10-30T18:39:50","date_gmt":"2014-10-30T18:39:50","guid":{"rendered":"http:\/\/diariodominicano.ddns.net\/?p=199736"},"modified":"2014-10-30T18:39:50","modified_gmt":"2014-10-30T18:39:50","slug":"muhammad-ali-tras-40-anos-de-pulverizar-a-george-foreman","status":"publish","type":"post","link":"https:\/\/diariodominicano.com\/?p=199736","title":{"rendered":"Muhammad Al\u00ed, tras 40 a\u00f1os de pulverizar a George Foreman"},"content":{"rendered":"<p><body><\/p>\n<p><img decoding=\"async\" src=\"img3\/ali 30.jpg\" \/>  <\/p>\n<p>Santo Domingo RD 30 octubre.- P\u00f3ngale el \u00abcu\u00f1o\u00bb porque es verdad: Hoy, 30 de octubre (2014), se cumplen 40 a\u00f1os del montaje de una de las peleas m\u00e1s violentas -y con un resultado \u00absorpresa\u00bb- registradas en la maravillosa historia del boxeo mundial.<\/p>\n<\/p>\n<p>En la ocasi\u00f3n, Muhammad Al\u00ed, en la divisi\u00f3n de los pesos completos, devast\u00f3 en el octavo round a George Foreman quien a la saz\u00f3n era calificado como \u00abinvencible\u00bb. <\/p>\n<\/p>\n<p>Un coliseo, con capacidad para acomodar a 100 mil personas e instalado en la ciudad de Kinshasa, Zaire (actual Rep\u00fablica Democr\u00e1tica del Congo), fue el escenario de la recordada batalla de pu\u00f1os enguantados. <\/p>\n<\/p>\n<p>Al\u00ed, despojado de su corona mundial en 1967, tras negarse a ser miembro del Ej\u00e9rcito de Estados Unidos que combati\u00f3 en Vietnam, purg\u00f3 tres a\u00f1os y medio.<\/p>\n<\/p>\n<p>Fue condenado a cinco a\u00f1os que deb\u00eda cumplir a nivel de prisi\u00f3n domiciliaria, pero fue dejado en libertad despu\u00e9s de tres a\u00f1os y medio. La corona que hab\u00eda ganado a los 22 a\u00f1os de edad, por encima de todos los pron\u00f3sticos, al noquear en el s\u00e9ptimo round a Sonny Liston en 1964, ya estaba \u00aboxidada\u00bb.<\/p>\n<\/p>\n<p>El joven p\u00fagil estadounidense, por conciencia propia, consider\u00f3 que no ten\u00eda que alistarse, al Ej\u00e9rcito, para combatir en Vietnam. Esa rebelde actitud le cost\u00f3 no s\u00f3lo el despojo de su cetro mundial pesado, sino casi cuatro a\u00f1os sin subir a un cuadril\u00e1tero.<\/p>\n<\/p>\n<p><strong>Su regreso a los ensogados<\/strong><\/p>\n<\/p>\n<p>A su regreso a los ensogados Al\u00ed protagoniz\u00f3 dos hist\u00f3ricas peleas con su paisano Joe Frazzier.<\/p>\n<\/p>\n<p>De esas dos gan\u00f3 una y perdi\u00f3 otra&#8230;vio frustrada su aspiraci\u00f3n de reconquistar la faja que entonces ostent\u00f3 Frazier.<\/p>\n<\/p>\n<p>Pero Frazier, en su refriega con George Foreman, fue triturado. Foreman, en pleno apogeo, lleno de juventud y anestesiante pegada, anestesi\u00f3 a Frazier&#8230;y se pavoneaba como \u00abel campe\u00f3n imbatible\u00bb.<\/p>\n<p><strong> <\/strong><\/p>\n<p><strong>Le lleg\u00f3 la oportunidad<\/strong><\/p>\n<\/p>\n<p>El 30 de octubre de 1974, se organiz\u00f3 la gran pelea Al\u00ed-Foreman. Parec\u00eda un sue\u00f1o para Al\u00ed y su maestro, Angelo Dundee. Dundee entren\u00f3 a su pupilo y pronostic\u00f3 el \u00abso\u00f1ado\u00bb hist\u00f3rico triunfo. Don King, quien reciente hab\u00eda salido de la c\u00e1rcel, se convirti\u00f3 en el promotor de Al\u00ed e hizo las gestiones para el montaje del combate. El otrora \u00abzar del boxeo\u00bb se las ingeni\u00f3 y hasta contact\u00f3 al entonces dictador africano Mobuto Sese Seko para que diera el aval de la pelea. <\/p>\n<\/p>\n<p>Al\u00ed, con 32 a\u00f1os, desafi\u00f3 al \u00abinvencible\u00bb Foreman quien apenas contaba con 26 a\u00f1os, invicto (44-0), m\u00e1s de 250 libras y dado como amplio favorito. Las apuestas estaban 7-1 a favor de Foreman.<\/p>\n<\/p>\n<p><strong>El hist\u00f3rico nocaut<\/strong><\/p>\n<\/p>\n<p>Al\u00ed lo vaticin\u00f3: \u00abVoy a noquear a este hombre\u00bb. Y cumpli\u00f3 su vaticinio: Lo destroz\u00f3 en el octavo asalto. En la recordada pelea, vista por este periodista decenas de veces. Cuando restaban unos 45 segundos para concluir el octavo asalto, Al\u00ed, con una perfecta combinaci\u00f3n de jab, gancho de izquierda y volado con su neta derecha, deposit\u00f3 a Foreman en la lona para la cuenta definitiva de diez segundos. !Y Al\u00ed se cas\u00f3 con la gloria!. Hoy Al\u00ed, tras 40 a\u00f1os de su resonante victoria, sigue seriamente enfermo del mal de Parkinson, \u00a1pero su fama!<\/p>\n<\/p>\n<h6> 2014-10-30 18:39:50 <\/h6>\n<p><!--\n<link rel=\"stylesheet\" href=\"css\/bootstrap.min.css\">\n\n\n<ul class=\"pagination\">\n\t    \n\t\n\n<li >\n\t<a href='?page_no=16208'>Previous<\/a>\n\t<\/li>\n\n\n       \n    \n\n<li><a href='?page_no=1'>1<\/a><\/li>\n\n\n\n<li><a href='?page_no=2'>2<\/a><\/li>\n\n\n\n<li><a>...<\/a><\/li>\n\n\n\n<li><a href='?page_no=16207'>16207<\/a><\/li>\n\n\n\n<li><a href='?page_no=16208'>16208<\/a><\/li>\n\n\n\n<li class='active'><a>16209<\/a><\/li>\n\n\n\n<li><a href='?page_no=16210'>16210<\/a><\/li>\n\n\n\n<li><a href='?page_no=16211'>16211<\/a><\/li>\n\n\n\n<li><a>...<\/a><\/li>\n\n\n\n<li><a href='?page_no=36618'>36618<\/a><\/li>\n\n\n\n<li><a href='?page_no=36619'>36619<\/a><\/li>\n\n    \n\t\n\n<li >\n\t<a href='?page_no=16210'>Next<\/a>\n\t<\/li>\n\n\n    \n\n<li><a href='?page_no=36619'>Last &rsaquo;&rsaquo;<\/a><\/li>\n\n<\/ul>\n\n\n--><br \/>\n<\/body><\/p>\n","protected":false},"excerpt":{"rendered":"<p>Santo Domingo RD 30 octubre.- P\u00f3ngale el \u00abcu\u00f1o\u00bb porque es verdad: Hoy, 30 de octubre (2014), se cumplen 40 a\u00f1os del montaje de una de las peleas m\u00e1s violentas -y con un resultado \u00absorpresa\u00bb- registradas en la maravillosa historia del boxeo mundial. En la ocasi\u00f3n, Muhammad Al\u00ed, en la divisi\u00f3n de los pesos completos, devast\u00f3 [&hellip;]<\/p>\n","protected":false},"author":3,"featured_media":0,"comment_status":"open","ping_status":"open","sticky":false,"template":"","format":"standard","meta":{"footnotes":""},"categories":[17],"tags":[],"class_list":["post-199736","post","type-post","status-publish","format-standard","hentry","category-deportes"],"_links":{"self":[{"href":"https:\/\/diariodominicano.com\/index.php?rest_route=\/wp\/v2\/posts\/199736","targetHints":{"allow":["GET"]}}],"collection":[{"href":"https:\/\/diariodominicano.com\/index.php?rest_route=\/wp\/v2\/posts"}],"about":[{"href":"https:\/\/diariodominicano.com\/index.php?rest_route=\/wp\/v2\/types\/post"}],"author":[{"embeddable":true,"href":"https:\/\/diariodominicano.com\/index.php?rest_route=\/wp\/v2\/users\/3"}],"replies":[{"embeddable":true,"href":"https:\/\/diariodominicano.com\/index.php?rest_route=%2Fwp%2Fv2%2Fcomments&post=199736"}],"version-history":[{"count":0,"href":"https:\/\/diariodominicano.com\/index.php?rest_route=\/wp\/v2\/posts\/199736\/revisions"}],"wp:attachment":[{"href":"https:\/\/diariodominicano.com\/index.php?rest_route=%2Fwp%2Fv2%2Fmedia&parent=199736"}],"wp:term":[{"taxonomy":"category","embeddable":true,"href":"https:\/\/diariodominicano.com\/index.php?rest_route=%2Fwp%2Fv2%2Fcategories&post=199736"},{"taxonomy":"post_tag","embeddable":true,"href":"https:\/\/diariodominicano.com\/index.php?rest_route=%2Fwp%2Fv2%2Ftags&post=199736"}],"curies":[{"name":"wp","href":"https:\/\/api.w.org\/{rel}","templated":true}]}}