{"id":199735,"date":"2014-10-30T18:44:45","date_gmt":"2014-10-30T18:44:45","guid":{"rendered":"http:\/\/diariodominicano.ddns.net\/?p=199735"},"modified":"2014-10-30T18:44:45","modified_gmt":"2014-10-30T18:44:45","slug":"desbordante-entusiasmo-en-inicio-de-los-vi-juegos-escolares-nacionales","status":"publish","type":"post","link":"https:\/\/diariodominicano.com\/?p=199735","title":{"rendered":"&#13;Desbordante entusiasmo en inicio de los VI Juegos Escolares Nacionales"},"content":{"rendered":"<p><body><\/p>\n<p><img decoding=\"async\" src=\"img3\/juegos 30.jpg\" \/>  <\/p>\n<p>Santo Domingo RD 30 octubre.- El Ministerio de Educaci\u00f3n, a trav\u00e9s del Instituto Nacional de Educaci\u00f3n F\u00edsica (Inefi) dej\u00f3 formalmente iniciados los VI Juegos Escolares Deportivos Nacionales, en medio de una alegr\u00eda desbordante y un p\u00fablico que rebas\u00f3 la capacidad del estadio Francisco Micheli.<\/p>\n<\/p>\n<p>Las personalidades que estuvieron presentes fueron encabezadas por el ministro de Educaci\u00f3n, licenciado Carlos Amarante Baret, el ministro de Deportes Jaime David Fern\u00e1ndez Mirabal, la senadora Amarilis Santana, los diputados Pedro Botello y Jos\u00e9 Ursino Reyes, el gobernador provincial Juan Jos\u00e9 Santana, el director ejecutivo del Inefi, licenciado \u00c1ngel Danilo Mesa, el presidente del Comit\u00e9 Ol\u00edmpico Dominicano, Luis\u00edn Mej\u00eda, as\u00ed como tambi\u00e9n el presidente del comit\u00e9 organizador Jos\u00e9 Reyes Reyes y la alcaldesa, Maritza Suero.<\/p>\n<\/p>\n<p>El presidente del comit\u00e9 organizador, doctor Jos\u00e9 Reyes Reyes, dijo las palabras de bienvenida, destacando la importancia de los Juegos Escolares. \u00abHoy La Romana se viste de gala con la celebraci\u00f3n de estos Juegos Escolares\u00bb, expres\u00f3 Reyes Reyes. Record\u00f3 que en esta ciudad fueron celebrados los Juegos Nacionales, los cuales significaron un \u00e9xito.<\/p>\n<\/p>\n<p>\u00abHoy, La Romana ha dicho que s\u00ed se puede\u00bb, agreg\u00f3 al tiempo en que dio las gracias al ministro de Educaci\u00f3n Amarante Baret y al director del Inefi por pensar en La Romana para montar los Juegos Escolares.<\/p>\n<\/p>\n<p>El licenciado \u00c1ngel Danilo Mesa, director del Inefi, quien agradeci\u00f3 en nombre de todos los profesores de educaci\u00f3n f\u00edsica al gobierno del presidente Danilo Medina, a trav\u00e9s del ministro de Educaci\u00f3n Carlos Amarante Baret, por aprobar la realizaci\u00f3n de los VI Juegos Escolares en La Romana.<\/p>\n<\/p>\n<p>Dijo que como novedad, este a\u00f1o tienen la participaci\u00f3n r\u00e9cord de 900 mil estudiantes del territorio nacional. \u00abDe estos participaron 300 mil en las eliminatorias y 35 mil fueron a las finales para llegar aqu\u00ed un grupo de tres mil atletas estudiantes\u00bb, dijo Mesa.<\/p>\n<\/p>\n<h6> 2014-10-30 18:44:45 <\/h6>\n<p><!--\n<link rel=\"stylesheet\" href=\"css\/bootstrap.min.css\">\n\n\n<ul class=\"pagination\">\n\t    \n\t\n\n<li >\n\t<a href='?page_no=16207'>Previous<\/a>\n\t<\/li>\n\n\n       \n    \n\n<li><a href='?page_no=1'>1<\/a><\/li>\n\n\n\n<li><a href='?page_no=2'>2<\/a><\/li>\n\n\n\n<li><a>...<\/a><\/li>\n\n\n\n<li><a href='?page_no=16206'>16206<\/a><\/li>\n\n\n\n<li><a href='?page_no=16207'>16207<\/a><\/li>\n\n\n\n<li class='active'><a>16208<\/a><\/li>\n\n\n\n<li><a href='?page_no=16209'>16209<\/a><\/li>\n\n\n\n<li><a href='?page_no=16210'>16210<\/a><\/li>\n\n\n\n<li><a>...<\/a><\/li>\n\n\n\n<li><a href='?page_no=36618'>36618<\/a><\/li>\n\n\n\n<li><a href='?page_no=36619'>36619<\/a><\/li>\n\n    \n\t\n\n<li >\n\t<a href='?page_no=16209'>Next<\/a>\n\t<\/li>\n\n\n    \n\n<li><a href='?page_no=36619'>Last &rsaquo;&rsaquo;<\/a><\/li>\n\n<\/ul>\n\n\n--><br \/>\n<\/body><\/p>\n","protected":false},"excerpt":{"rendered":"<p>Santo Domingo RD 30 octubre.- El Ministerio de Educaci\u00f3n, a trav\u00e9s del Instituto Nacional de Educaci\u00f3n F\u00edsica (Inefi) dej\u00f3 formalmente iniciados los VI Juegos Escolares Deportivos Nacionales, en medio de una alegr\u00eda desbordante y un p\u00fablico que rebas\u00f3 la capacidad del estadio Francisco Micheli. Las personalidades que estuvieron presentes fueron encabezadas por el ministro de [&hellip;]<\/p>\n","protected":false},"author":3,"featured_media":0,"comment_status":"open","ping_status":"open","sticky":false,"template":"","format":"standard","meta":{"footnotes":""},"categories":[17],"tags":[],"class_list":["post-199735","post","type-post","status-publish","format-standard","hentry","category-deportes"],"_links":{"self":[{"href":"https:\/\/diariodominicano.com\/index.php?rest_route=\/wp\/v2\/posts\/199735","targetHints":{"allow":["GET"]}}],"collection":[{"href":"https:\/\/diariodominicano.com\/index.php?rest_route=\/wp\/v2\/posts"}],"about":[{"href":"https:\/\/diariodominicano.com\/index.php?rest_route=\/wp\/v2\/types\/post"}],"author":[{"embeddable":true,"href":"https:\/\/diariodominicano.com\/index.php?rest_route=\/wp\/v2\/users\/3"}],"replies":[{"embeddable":true,"href":"https:\/\/diariodominicano.com\/index.php?rest_route=%2Fwp%2Fv2%2Fcomments&post=199735"}],"version-history":[{"count":0,"href":"https:\/\/diariodominicano.com\/index.php?rest_route=\/wp\/v2\/posts\/199735\/revisions"}],"wp:attachment":[{"href":"https:\/\/diariodominicano.com\/index.php?rest_route=%2Fwp%2Fv2%2Fmedia&parent=199735"}],"wp:term":[{"taxonomy":"category","embeddable":true,"href":"https:\/\/diariodominicano.com\/index.php?rest_route=%2Fwp%2Fv2%2Fcategories&post=199735"},{"taxonomy":"post_tag","embeddable":true,"href":"https:\/\/diariodominicano.com\/index.php?rest_route=%2Fwp%2Fv2%2Ftags&post=199735"}],"curies":[{"name":"wp","href":"https:\/\/api.w.org\/{rel}","templated":true}]}}