{"id":199729,"date":"2014-10-31T13:20:48","date_gmt":"2014-10-31T13:20:48","guid":{"rendered":"http:\/\/diariodominicano.ddns.net\/?p=199729"},"modified":"2014-10-31T13:20:48","modified_gmt":"2014-10-31T13:20:48","slug":"victor-estrella-sera-quien-lleve-la-bandera-tricolor-de-rd-con-la-delegacion-en-juegos-de-veracruz","status":"publish","type":"post","link":"https:\/\/diariodominicano.com\/?p=199729","title":{"rendered":"V\u00edctor Estrella ser\u00e1 quien lleve la bandera tricolor de RD con la delegaci\u00f3n en  Juegos de Veracruz"},"content":{"rendered":"<p><body><\/p>\n<p><img decoding=\"async\" src=\"img3\/vic 31.jpg\" \/>  <\/p>\n<p>HONOR<\/p>\n<p>V\u00edctor Estrella ser\u00e1 quien lleve la bandera tricolor de RD con la delegaci\u00f3n en  Juegos de Veracruz<\/p>\n<\/p>\n<\/p>\n<p>Santo Domingo<\/p>\n<p>El Comit\u00e9 Ejecutivo del Comit\u00e9 Ol\u00edmpico Dominicano (COD) escogi\u00f3 a la primera raqueta del pa\u00eds, V\u00edctor Estrella, como el abanderado de la delegaci\u00f3n quisqueyana que asistir\u00e1 a los XXII Juegos Centroamericanos y del Caribe.<\/p>\n<\/p>\n<p>La elecci\u00f3n de Estrella, quien ha eclipsado al mundo del tenis por sus contundentes triunfos en los grandes escenarios del tenis durante el presente a\u00f1o, se hizo de manera un\u00e1nime por el Comit\u00e9 Ejecutivo del COD.<\/p>\n<\/p>\n<p>Estrella estar\u00e1 presente durante un acto que se llevar\u00e1 a cabo este viernes, a las 10:00 de la ma\u00f1ana, en la sede del COD, y donde se dar\u00e1 a conocer la campa\u00f1a que identificar\u00e1 a la delegaci\u00f3n dominicana en los Juegos Centroamericanos a celebrarse del 14 al 30 de noviembre pr\u00f3ximo.<\/p>\n<\/p>\n<p>Desde el inicio de su traves\u00eda en el Abierto de los Estados Unidos, el 26 de agosto pasado, el tenista santiaguero comenz\u00f3 a marcar un antes y un despu\u00e9s para la historia del tenis dominicano.<\/p>\n<\/p>\n<p>Su victoria frente al holand\u00e9s Igor Sijsling, por 2-6, 6-4, 6-3 y 6-2, reson\u00f3 en todos los costados del pa\u00eds, al convertirse en el primer quisqueyano en ganar un partido de Grand Slam.<\/p>\n<\/p>\n<p>Estrella, de 33 a\u00f1os, tambi\u00e9n es el tenista con m\u00e1s triunfos para Rep\u00fablica Dominicana en Copa Davis, fue medallista de oro en los Juegos Centroamericanos y del Caribe Mayag\u00fcez 2010, y de bronce en los Panamericanos de Guadalajara 2011. <\/p>\n<h6> 2014-10-31 13:20:48 <\/h6>\n<p><!--\n<link rel=\"stylesheet\" href=\"css\/bootstrap.min.css\">\n\n\n<ul class=\"pagination\">\n\t    \n\t\n\n<li >\n\t<a href='?page_no=16201'>Previous<\/a>\n\t<\/li>\n\n\n       \n    \n\n<li><a href='?page_no=1'>1<\/a><\/li>\n\n\n\n<li><a href='?page_no=2'>2<\/a><\/li>\n\n\n\n<li><a>...<\/a><\/li>\n\n\n\n<li><a href='?page_no=16200'>16200<\/a><\/li>\n\n\n\n<li><a href='?page_no=16201'>16201<\/a><\/li>\n\n\n\n<li class='active'><a>16202<\/a><\/li>\n\n\n\n<li><a href='?page_no=16203'>16203<\/a><\/li>\n\n\n\n<li><a href='?page_no=16204'>16204<\/a><\/li>\n\n\n\n<li><a>...<\/a><\/li>\n\n\n\n<li><a href='?page_no=36618'>36618<\/a><\/li>\n\n\n\n<li><a href='?page_no=36619'>36619<\/a><\/li>\n\n    \n\t\n\n<li >\n\t<a href='?page_no=16203'>Next<\/a>\n\t<\/li>\n\n\n    \n\n<li><a href='?page_no=36619'>Last &rsaquo;&rsaquo;<\/a><\/li>\n\n<\/ul>\n\n\n--><br \/>\n<\/body><\/p>\n","protected":false},"excerpt":{"rendered":"<p>HONOR V\u00edctor Estrella ser\u00e1 quien lleve la bandera tricolor de RD con la delegaci\u00f3n en Juegos de Veracruz Santo Domingo El Comit\u00e9 Ejecutivo del Comit\u00e9 Ol\u00edmpico Dominicano (COD) escogi\u00f3 a la primera raqueta del pa\u00eds, V\u00edctor Estrella, como el abanderado de la delegaci\u00f3n quisqueyana que asistir\u00e1 a los XXII Juegos Centroamericanos y del Caribe. La [&hellip;]<\/p>\n","protected":false},"author":3,"featured_media":0,"comment_status":"open","ping_status":"open","sticky":false,"template":"","format":"standard","meta":{"footnotes":""},"categories":[17],"tags":[],"class_list":["post-199729","post","type-post","status-publish","format-standard","hentry","category-deportes"],"_links":{"self":[{"href":"https:\/\/diariodominicano.com\/index.php?rest_route=\/wp\/v2\/posts\/199729","targetHints":{"allow":["GET"]}}],"collection":[{"href":"https:\/\/diariodominicano.com\/index.php?rest_route=\/wp\/v2\/posts"}],"about":[{"href":"https:\/\/diariodominicano.com\/index.php?rest_route=\/wp\/v2\/types\/post"}],"author":[{"embeddable":true,"href":"https:\/\/diariodominicano.com\/index.php?rest_route=\/wp\/v2\/users\/3"}],"replies":[{"embeddable":true,"href":"https:\/\/diariodominicano.com\/index.php?rest_route=%2Fwp%2Fv2%2Fcomments&post=199729"}],"version-history":[{"count":0,"href":"https:\/\/diariodominicano.com\/index.php?rest_route=\/wp\/v2\/posts\/199729\/revisions"}],"wp:attachment":[{"href":"https:\/\/diariodominicano.com\/index.php?rest_route=%2Fwp%2Fv2%2Fmedia&parent=199729"}],"wp:term":[{"taxonomy":"category","embeddable":true,"href":"https:\/\/diariodominicano.com\/index.php?rest_route=%2Fwp%2Fv2%2Fcategories&post=199729"},{"taxonomy":"post_tag","embeddable":true,"href":"https:\/\/diariodominicano.com\/index.php?rest_route=%2Fwp%2Fv2%2Ftags&post=199729"}],"curies":[{"name":"wp","href":"https:\/\/api.w.org\/{rel}","templated":true}]}}