{"id":199728,"date":"2014-10-31T13:26:12","date_gmt":"2014-10-31T13:26:12","guid":{"rendered":"http:\/\/diariodominicano.ddns.net\/?p=199728"},"modified":"2014-10-31T13:26:12","modified_gmt":"2014-10-31T13:26:12","slug":"la-pelea-del-siglo-pasa-desapercibida-en-40-aniversario","status":"publish","type":"post","link":"https:\/\/diariodominicano.com\/?p=199728","title":{"rendered":"&#13;La pelea del siglo pasa desapercibida en 40 aniversario"},"content":{"rendered":"<p><body><\/p>\n<p><img decoding=\"async\" src=\"img3\/ali 1.jpg\" \/><br \/><img decoding=\"async\" src=\"img3\/ali 2.jpg\" \/><br \/><img decoding=\"async\" src=\"img3\/ali 3.jpg\" \/>  <\/p>\n<p>KinshasaEl 40\u00ba aniversario de la \u00b7pelea del siglo\u00b7, que se cumple este jueves, pas\u00f3 desapercibido en Kinshasa, donde no se program\u00f3 ninguna actividad destacada para conmemorar el considerado como el mejor combate de la historia, que enfrent\u00f3 a los estadounidenses Muhammad Ali y George Foreman.<\/p>\n<\/p>\n<p>En la \u00faltima semana medios de todo el mundo han recordado la efem\u00e9ride del c\u00e9lebre ?Rumble in the Jungle? (?El rugido de la selva?, nombre que recibi\u00f3 el combate), en el que Ali noque\u00f3 en el octavo asalto a Foreman para reconquistar la corona de los pesos pesados que le hab\u00eda sido arrebatada en 1967 por negarse a ingresar en el ej\u00e9rcito de Estados Unidos para luchar en la guerra de Vietnam.<\/p>\n<\/p>\n<p>Pero los peri\u00f3dicos y televisiones congole\u00f1os han pasado de largo sobre el aniversario del considerado como el m\u00e1s famoso combate de boxeo de la historia, que le sirvi\u00f3 a Kinshasa para ser considerar la ?capital? de este deporte por unos d\u00edas.<\/p>\n<\/p>\n<p>En las calles de la capital de la Rep\u00fablica Democr\u00e1tica del Congo, llamado Zaire en la \u00e9poca, nada recuerda que hace 40 a\u00f1os el pa\u00eds se par\u00f3 para seguir a los dos gigantes estadounidense en el ring del recinto llamado Estadio del 20 de mayo, en referencia al 20 de mayo de 1967, d\u00eda de la creaci\u00f3n del partido \u00fanico del dictador Mobutu Sese Seko.<\/p>\n<\/p>\n<p>Cerca del recinto deportivo, renombrado como \u00abTata Rapha\u00cel\u00bb, sobrenombre del religioso belga Rapha\u00cel de la Kethulle de Ryhove, que lo hab\u00eda mandado construir en 1948, algunos j\u00f3venes juegan a f\u00fatbol.<\/p>\n<h6> 2014-10-31 13:26:12 <\/h6>\n<p><!--\n<link rel=\"stylesheet\" href=\"css\/bootstrap.min.css\">\n\n\n<ul class=\"pagination\">\n\t    \n\t\n\n<li >\n\t<a href='?page_no=16200'>Previous<\/a>\n\t<\/li>\n\n\n       \n    \n\n<li><a href='?page_no=1'>1<\/a><\/li>\n\n\n\n<li><a href='?page_no=2'>2<\/a><\/li>\n\n\n\n<li><a>...<\/a><\/li>\n\n\n\n<li><a href='?page_no=16199'>16199<\/a><\/li>\n\n\n\n<li><a href='?page_no=16200'>16200<\/a><\/li>\n\n\n\n<li class='active'><a>16201<\/a><\/li>\n\n\n\n<li><a href='?page_no=16202'>16202<\/a><\/li>\n\n\n\n<li><a href='?page_no=16203'>16203<\/a><\/li>\n\n\n\n<li><a>...<\/a><\/li>\n\n\n\n<li><a href='?page_no=36618'>36618<\/a><\/li>\n\n\n\n<li><a href='?page_no=36619'>36619<\/a><\/li>\n\n    \n\t\n\n<li >\n\t<a href='?page_no=16202'>Next<\/a>\n\t<\/li>\n\n\n    \n\n<li><a href='?page_no=36619'>Last &rsaquo;&rsaquo;<\/a><\/li>\n\n<\/ul>\n\n\n--><br \/>\n<\/body><\/p>\n","protected":false},"excerpt":{"rendered":"<p>KinshasaEl 40\u00ba aniversario de la \u00b7pelea del siglo\u00b7, que se cumple este jueves, pas\u00f3 desapercibido en Kinshasa, donde no se program\u00f3 ninguna actividad destacada para conmemorar el considerado como el mejor combate de la historia, que enfrent\u00f3 a los estadounidenses Muhammad Ali y George Foreman. En la \u00faltima semana medios de todo el mundo han [&hellip;]<\/p>\n","protected":false},"author":3,"featured_media":0,"comment_status":"open","ping_status":"open","sticky":false,"template":"","format":"standard","meta":{"footnotes":""},"categories":[17],"tags":[],"class_list":["post-199728","post","type-post","status-publish","format-standard","hentry","category-deportes"],"_links":{"self":[{"href":"https:\/\/diariodominicano.com\/index.php?rest_route=\/wp\/v2\/posts\/199728","targetHints":{"allow":["GET"]}}],"collection":[{"href":"https:\/\/diariodominicano.com\/index.php?rest_route=\/wp\/v2\/posts"}],"about":[{"href":"https:\/\/diariodominicano.com\/index.php?rest_route=\/wp\/v2\/types\/post"}],"author":[{"embeddable":true,"href":"https:\/\/diariodominicano.com\/index.php?rest_route=\/wp\/v2\/users\/3"}],"replies":[{"embeddable":true,"href":"https:\/\/diariodominicano.com\/index.php?rest_route=%2Fwp%2Fv2%2Fcomments&post=199728"}],"version-history":[{"count":0,"href":"https:\/\/diariodominicano.com\/index.php?rest_route=\/wp\/v2\/posts\/199728\/revisions"}],"wp:attachment":[{"href":"https:\/\/diariodominicano.com\/index.php?rest_route=%2Fwp%2Fv2%2Fmedia&parent=199728"}],"wp:term":[{"taxonomy":"category","embeddable":true,"href":"https:\/\/diariodominicano.com\/index.php?rest_route=%2Fwp%2Fv2%2Fcategories&post=199728"},{"taxonomy":"post_tag","embeddable":true,"href":"https:\/\/diariodominicano.com\/index.php?rest_route=%2Fwp%2Fv2%2Ftags&post=199728"}],"curies":[{"name":"wp","href":"https:\/\/api.w.org\/{rel}","templated":true}]}}