{"id":199723,"date":"2014-10-31T19:46:10","date_gmt":"2014-10-31T19:46:10","guid":{"rendered":"http:\/\/diariodominicano.ddns.net\/?p=199723"},"modified":"2014-10-31T19:46:10","modified_gmt":"2014-10-31T19:46:10","slug":"danilo-medina-lamenta-muerte-de-beisbolista-oscar-taveras","status":"publish","type":"post","link":"https:\/\/diariodominicano.com\/?p=199723","title":{"rendered":"&#13;Danilo Medina lamenta muerte de beisbolista \u00d3scar Taveras"},"content":{"rendered":"<p><body><\/p>\n<p><img decoding=\"async\" src=\"img3\/palacio.jgp.jpg\" \/>  <\/p>\n<\/p>\n<\/p>\n<p><span class=\"text1noticias\">Santo Domingo,  RD, 31 de  octubre.-  presidente Danilo Medina lament\u00f3 la muerte del beisbolista de Grandes Ligas \u00d3scar Taveras, quien falleciera en un accidente automovil\u00edstico hace unos d\u00edas.<\/span><\/p>\n<p><span class=\"text1noticias\"> <\/span><\/p>\n<p><span class=\"text1noticias\">El jefe de Estado present\u00f3 su pesar por el deceso del tambi\u00e9n jugador de las \u00c1guilas Cibae\u00f1as en carta remitida a Winston (Chilote) Llenas, presidente ad vitam del referido club deportivo y a Stanley Javier, gerente general del equipo.<\/span><\/p>\n<p><span class=\"text1noticias\"> <\/span><\/p>\n<p><span class=\"text1noticias\">\u00abCon la p\u00e9rdida de \u00d3scar Taveras, se han frustrado sus esperanzas propias, las de su familia, las de los equipos en los cuales militaba y de la fanaticada, que ve\u00edan encarnada en \u00e9l a una aut\u00e9ntica promesa de nuestro b\u00e9isbol profesional\u00bb, subray\u00f3 Danilo Medina.<\/span><\/p>\n<p><span class=\"text1noticias\"> <\/span><\/p>\n<p><span class=\"text1noticias\">Asimismo, el gobernante extendi\u00f3 sus condolencias a los dem\u00e1s directivos, peloteros, t\u00e9cnicos y fan\u00e1ticos de las \u00c1guilas Cibae\u00f1as, por el hecho doloroso.<\/span><\/p>\n<h6> 2014-10-31 19:46:10 <\/h6>\n<p><!--\n<link rel=\"stylesheet\" href=\"css\/bootstrap.min.css\">\n\n\n<ul class=\"pagination\">\n\t    \n\t\n\n<li >\n\t<a href='?page_no=16197'>Previous<\/a>\n\t<\/li>\n\n\n       \n    \n\n<li><a href='?page_no=1'>1<\/a><\/li>\n\n\n\n<li><a href='?page_no=2'>2<\/a><\/li>\n\n\n\n<li><a>...<\/a><\/li>\n\n\n\n<li><a href='?page_no=16196'>16196<\/a><\/li>\n\n\n\n<li><a href='?page_no=16197'>16197<\/a><\/li>\n\n\n\n<li class='active'><a>16198<\/a><\/li>\n\n\n\n<li><a href='?page_no=16199'>16199<\/a><\/li>\n\n\n\n<li><a href='?page_no=16200'>16200<\/a><\/li>\n\n\n\n<li><a>...<\/a><\/li>\n\n\n\n<li><a href='?page_no=36618'>36618<\/a><\/li>\n\n\n\n<li><a href='?page_no=36619'>36619<\/a><\/li>\n\n    \n\t\n\n<li >\n\t<a href='?page_no=16199'>Next<\/a>\n\t<\/li>\n\n\n    \n\n<li><a href='?page_no=36619'>Last &rsaquo;&rsaquo;<\/a><\/li>\n\n<\/ul>\n\n\n--><br \/>\n<\/body><\/p>\n","protected":false},"excerpt":{"rendered":"<p>Santo Domingo, RD, 31 de octubre.- presidente Danilo Medina lament\u00f3 la muerte del beisbolista de Grandes Ligas \u00d3scar Taveras, quien falleciera en un accidente automovil\u00edstico hace unos d\u00edas. El jefe de Estado present\u00f3 su pesar por el deceso del tambi\u00e9n jugador de las \u00c1guilas Cibae\u00f1as en carta remitida a Winston (Chilote) Llenas, presidente ad vitam [&hellip;]<\/p>\n","protected":false},"author":3,"featured_media":0,"comment_status":"open","ping_status":"open","sticky":false,"template":"","format":"standard","meta":{"footnotes":""},"categories":[17],"tags":[],"class_list":["post-199723","post","type-post","status-publish","format-standard","hentry","category-deportes"],"_links":{"self":[{"href":"https:\/\/diariodominicano.com\/index.php?rest_route=\/wp\/v2\/posts\/199723","targetHints":{"allow":["GET"]}}],"collection":[{"href":"https:\/\/diariodominicano.com\/index.php?rest_route=\/wp\/v2\/posts"}],"about":[{"href":"https:\/\/diariodominicano.com\/index.php?rest_route=\/wp\/v2\/types\/post"}],"author":[{"embeddable":true,"href":"https:\/\/diariodominicano.com\/index.php?rest_route=\/wp\/v2\/users\/3"}],"replies":[{"embeddable":true,"href":"https:\/\/diariodominicano.com\/index.php?rest_route=%2Fwp%2Fv2%2Fcomments&post=199723"}],"version-history":[{"count":0,"href":"https:\/\/diariodominicano.com\/index.php?rest_route=\/wp\/v2\/posts\/199723\/revisions"}],"wp:attachment":[{"href":"https:\/\/diariodominicano.com\/index.php?rest_route=%2Fwp%2Fv2%2Fmedia&parent=199723"}],"wp:term":[{"taxonomy":"category","embeddable":true,"href":"https:\/\/diariodominicano.com\/index.php?rest_route=%2Fwp%2Fv2%2Fcategories&post=199723"},{"taxonomy":"post_tag","embeddable":true,"href":"https:\/\/diariodominicano.com\/index.php?rest_route=%2Fwp%2Fv2%2Ftags&post=199723"}],"curies":[{"name":"wp","href":"https:\/\/api.w.org\/{rel}","templated":true}]}}