{"id":199716,"date":"2014-11-02T13:23:00","date_gmt":"2014-11-02T13:23:00","guid":{"rendered":"http:\/\/diariodominicano.ddns.net\/?p=199716"},"modified":"2014-11-02T13:23:00","modified_gmt":"2014-11-02T13:23:00","slug":"norceca-y-sport-court-renuevan-su-alianza","status":"publish","type":"post","link":"https:\/\/diariodominicano.com\/?p=199716","title":{"rendered":"NORCECA y Sport Court renuevan su alianza"},"content":{"rendered":"<p><body><\/p>\n<p><img decoding=\"async\" src=\"img3\/norceca.jpg\" \/>  <\/p>\n<p><span class=\"text1noticias\">CAGLIARI, Italia, 2 noviembre.-La Confederaci\u00f3n NORCECA se complace en anunciar la renovaci\u00f3n de su asociaci\u00f3n con Connor Sport Court como la superficie de juego oficial para todas las competiciones internacionales organizadas por el organismo que rige el voleibol continental.<\/span><\/p>\n<\/p>\n<p><span class=\"text1noticias\">El acuerdo abarca un per\u00edodo de cuatro a\u00f1os similar al convenio original firmado en 2010 en Santo Domingo que permite la NORCECA distribuir las donaciones de pisos al aire libre y pisos interiores a las federaciones nacionales y territorios miembros.<\/span><\/p>\n<\/p>\n<p><span class=\"text1noticias\">Crist\u00f3bal Marte Hoffiz, Presidente de NORCECA y Andrew Gettig, Vicepresidente de Negocios Internacionales de Connor Sport Court, firmaron el nuevo contrato en presencia de los vicepresidentes de la NORCECA Sa\u00fal Castro Verdugo, Mushtaque Mohammed, Marta Centeno de Sajche, Hugh Wong y Glenn Quinlan, as\u00ed como Douglas Beal, CEO de Voleibol  EE. UU., y miembro del Consejo de Administraci\u00f3n de NORCECA.<\/span><\/p>\n<\/p>\n<p><span class=\"text1noticias\">John Massman, Gerente de Negocios Internacionales de Connor Sport Court, tambi\u00e9n asisti\u00f3 a la ceremonia de firma.<\/span><\/p>\n<\/p>\n<p><span class=\"text1noticias\">Hasta el d\u00eda de hoy, NORCECA ha distribuido 14 superficies de juego entre sus federaciones nacionales.<\/span><\/p>\n<\/p>\n<p><span class=\"text1noticias\">Marte Hoffiz dijo que espera aumentar el n\u00famero de donaciones y alent\u00f3 a los presidentes de las federaciones nacionales a que intensifiquen sus esfuerzos con sus autoridades oficiales y privadas para ubicar los espacios para instalar Canchas Sint\u00e9ticas.(HG)<\/span>.<\/p>\n<h6> 2014-11-02 13:23:00 <\/h6>\n<p><!--\n<link rel=\"stylesheet\" href=\"css\/bootstrap.min.css\">\n\n\n<ul class=\"pagination\">\n\t    \n\t\n\n<li >\n\t<a href='?page_no=16190'>Previous<\/a>\n\t<\/li>\n\n\n       \n    \n\n<li><a href='?page_no=1'>1<\/a><\/li>\n\n\n\n<li><a href='?page_no=2'>2<\/a><\/li>\n\n\n\n<li><a>...<\/a><\/li>\n\n\n\n<li><a href='?page_no=16189'>16189<\/a><\/li>\n\n\n\n<li><a href='?page_no=16190'>16190<\/a><\/li>\n\n\n\n<li class='active'><a>16191<\/a><\/li>\n\n\n\n<li><a href='?page_no=16192'>16192<\/a><\/li>\n\n\n\n<li><a href='?page_no=16193'>16193<\/a><\/li>\n\n\n\n<li><a>...<\/a><\/li>\n\n\n\n<li><a href='?page_no=36618'>36618<\/a><\/li>\n\n\n\n<li><a href='?page_no=36619'>36619<\/a><\/li>\n\n    \n\t\n\n<li >\n\t<a href='?page_no=16192'>Next<\/a>\n\t<\/li>\n\n\n    \n\n<li><a href='?page_no=36619'>Last &rsaquo;&rsaquo;<\/a><\/li>\n\n<\/ul>\n\n\n--><br \/>\n<\/body><\/p>\n","protected":false},"excerpt":{"rendered":"<p>CAGLIARI, Italia, 2 noviembre.-La Confederaci\u00f3n NORCECA se complace en anunciar la renovaci\u00f3n de su asociaci\u00f3n con Connor Sport Court como la superficie de juego oficial para todas las competiciones internacionales organizadas por el organismo que rige el voleibol continental. El acuerdo abarca un per\u00edodo de cuatro a\u00f1os similar al convenio original firmado en 2010 en [&hellip;]<\/p>\n","protected":false},"author":3,"featured_media":0,"comment_status":"open","ping_status":"open","sticky":false,"template":"","format":"standard","meta":{"footnotes":""},"categories":[17],"tags":[],"class_list":["post-199716","post","type-post","status-publish","format-standard","hentry","category-deportes"],"_links":{"self":[{"href":"https:\/\/diariodominicano.com\/index.php?rest_route=\/wp\/v2\/posts\/199716","targetHints":{"allow":["GET"]}}],"collection":[{"href":"https:\/\/diariodominicano.com\/index.php?rest_route=\/wp\/v2\/posts"}],"about":[{"href":"https:\/\/diariodominicano.com\/index.php?rest_route=\/wp\/v2\/types\/post"}],"author":[{"embeddable":true,"href":"https:\/\/diariodominicano.com\/index.php?rest_route=\/wp\/v2\/users\/3"}],"replies":[{"embeddable":true,"href":"https:\/\/diariodominicano.com\/index.php?rest_route=%2Fwp%2Fv2%2Fcomments&post=199716"}],"version-history":[{"count":0,"href":"https:\/\/diariodominicano.com\/index.php?rest_route=\/wp\/v2\/posts\/199716\/revisions"}],"wp:attachment":[{"href":"https:\/\/diariodominicano.com\/index.php?rest_route=%2Fwp%2Fv2%2Fmedia&parent=199716"}],"wp:term":[{"taxonomy":"category","embeddable":true,"href":"https:\/\/diariodominicano.com\/index.php?rest_route=%2Fwp%2Fv2%2Fcategories&post=199716"},{"taxonomy":"post_tag","embeddable":true,"href":"https:\/\/diariodominicano.com\/index.php?rest_route=%2Fwp%2Fv2%2Ftags&post=199716"}],"curies":[{"name":"wp","href":"https:\/\/api.w.org\/{rel}","templated":true}]}}