{"id":199707,"date":"2014-11-03T20:58:43","date_gmt":"2014-11-03T20:58:43","guid":{"rendered":"http:\/\/diariodominicano.ddns.net\/?p=199707"},"modified":"2014-11-03T20:58:43","modified_gmt":"2014-11-03T20:58:43","slug":"rays-ejercieron-la-opcion-del-relevista-joel-peralta","status":"publish","type":"post","link":"https:\/\/diariodominicano.com\/?p=199707","title":{"rendered":"Rays ejercieron la opci\u00f3n del relevista Joel Peralta"},"content":{"rendered":"<p><body><\/p>\n<p><img decoding=\"async\" src=\"img3\/peralta.jpg\" \/>  <\/p>\n<p><span class=\"text1noticias\">ST. PETERSBURG, Florida, 3 de Noviembre.-Los Rays han ejercido la opci\u00f3n del dominicano Joel Peralta para el 2015, que le otorgar\u00e1 al relevista US$2.5 millones.<\/span><\/p>\n<\/p>\n<p><span class=\"text1noticias\">Desde que se uni\u00f3 a Tampa Bay en el 2011, el derecho encabeza a todos los serpentineros de las Grandes Ligas con 296 presentaciones y ocupa el segundo lugar en la Gran Carpa con 115 ventajas preservadas, detr\u00e1s de Tyler Clippard (124) de los Nacionales. Peralta encabeza la franquicia de los Rays en ambas categor\u00edas.<\/span><\/p>\n<\/p>\n<p><span class=\"text1noticias\">\u00abHan sido muchos los logros de Joel vistiendo el uniforme de los Rays, y estamos entusiasmados de que regresar\u00e1 para una quinta temporada\u00bb, expres\u00f3 Erik Neander, vicepresidente de operaciones de b\u00e9isbol. \u00abEs un gran competidor, un compa\u00f1ero ejemplar y un l\u00edder en el clubhouse\u00bb.<\/span><\/p>\n<\/p>\n<p><span class=\"text1noticias\">Peralta, de 38 a\u00f1os de edad, ocup\u00f3 el segundo lugar en Tampa Bay con 69 salidas en el 2014, pese a ingresar a la lista de incapacitados por primera vez en su carrera (del 13 al 27 de julio). Termin\u00f3 la campa\u00f1a con r\u00e9cord de 3-4 con 4.41 de efectividad y un rescate.(HG)<\/span>.<\/p>\n<h6> 2014-11-03 20:58:43 <\/h6>\n<p><!--\n<link rel=\"stylesheet\" href=\"css\/bootstrap.min.css\">\n\n\n<ul class=\"pagination\">\n\t    \n\t\n\n<li >\n\t<a href='?page_no=16182'>Previous<\/a>\n\t<\/li>\n\n\n       \n    \n\n<li><a href='?page_no=1'>1<\/a><\/li>\n\n\n\n<li><a href='?page_no=2'>2<\/a><\/li>\n\n\n\n<li><a>...<\/a><\/li>\n\n\n\n<li><a href='?page_no=16181'>16181<\/a><\/li>\n\n\n\n<li><a href='?page_no=16182'>16182<\/a><\/li>\n\n\n\n<li class='active'><a>16183<\/a><\/li>\n\n\n\n<li><a href='?page_no=16184'>16184<\/a><\/li>\n\n\n\n<li><a href='?page_no=16185'>16185<\/a><\/li>\n\n\n\n<li><a>...<\/a><\/li>\n\n\n\n<li><a href='?page_no=36618'>36618<\/a><\/li>\n\n\n\n<li><a href='?page_no=36619'>36619<\/a><\/li>\n\n    \n\t\n\n<li >\n\t<a href='?page_no=16184'>Next<\/a>\n\t<\/li>\n\n\n    \n\n<li><a href='?page_no=36619'>Last &rsaquo;&rsaquo;<\/a><\/li>\n\n<\/ul>\n\n\n--><br \/>\n<\/body><\/p>\n","protected":false},"excerpt":{"rendered":"<p>ST. PETERSBURG, Florida, 3 de Noviembre.-Los Rays han ejercido la opci\u00f3n del dominicano Joel Peralta para el 2015, que le otorgar\u00e1 al relevista US$2.5 millones. Desde que se uni\u00f3 a Tampa Bay en el 2011, el derecho encabeza a todos los serpentineros de las Grandes Ligas con 296 presentaciones y ocupa el segundo lugar en [&hellip;]<\/p>\n","protected":false},"author":3,"featured_media":0,"comment_status":"open","ping_status":"open","sticky":false,"template":"","format":"standard","meta":{"footnotes":""},"categories":[17],"tags":[],"class_list":["post-199707","post","type-post","status-publish","format-standard","hentry","category-deportes"],"_links":{"self":[{"href":"https:\/\/diariodominicano.com\/index.php?rest_route=\/wp\/v2\/posts\/199707","targetHints":{"allow":["GET"]}}],"collection":[{"href":"https:\/\/diariodominicano.com\/index.php?rest_route=\/wp\/v2\/posts"}],"about":[{"href":"https:\/\/diariodominicano.com\/index.php?rest_route=\/wp\/v2\/types\/post"}],"author":[{"embeddable":true,"href":"https:\/\/diariodominicano.com\/index.php?rest_route=\/wp\/v2\/users\/3"}],"replies":[{"embeddable":true,"href":"https:\/\/diariodominicano.com\/index.php?rest_route=%2Fwp%2Fv2%2Fcomments&post=199707"}],"version-history":[{"count":0,"href":"https:\/\/diariodominicano.com\/index.php?rest_route=\/wp\/v2\/posts\/199707\/revisions"}],"wp:attachment":[{"href":"https:\/\/diariodominicano.com\/index.php?rest_route=%2Fwp%2Fv2%2Fmedia&parent=199707"}],"wp:term":[{"taxonomy":"category","embeddable":true,"href":"https:\/\/diariodominicano.com\/index.php?rest_route=%2Fwp%2Fv2%2Fcategories&post=199707"},{"taxonomy":"post_tag","embeddable":true,"href":"https:\/\/diariodominicano.com\/index.php?rest_route=%2Fwp%2Fv2%2Ftags&post=199707"}],"curies":[{"name":"wp","href":"https:\/\/api.w.org\/{rel}","templated":true}]}}