{"id":199682,"date":"2014-11-06T14:26:07","date_gmt":"2014-11-06T14:26:07","guid":{"rendered":"http:\/\/diariodominicano.ddns.net\/?p=199682"},"modified":"2014-11-06T14:26:07","modified_gmt":"2014-11-06T14:26:07","slug":"boxeo-viajara-veracruz-tras-un-fogueo-de-oro-diez-hombres-y-dos-mujeres-representaran-a-rd","status":"publish","type":"post","link":"https:\/\/diariodominicano.com\/?p=199682","title":{"rendered":"Boxeo viajar\u00e1 Veracruz tras un fogueo de oro; Diez hombres y dos mujeres representar\u00e1n a RD"},"content":{"rendered":"<p><body><\/p>\n<p><img decoding=\"async\" src=\"img3\/boxeo 6.jpeg\" \/>  <\/p>\n<p>JUEGOS CENTROAMERICANOS<\/p>\n<p>Boxeo viajar\u00e1 Veracruz tras un fogueo de oro; Diez hombres y dos mujeres representar\u00e1n a Rep\u00fablica Dominicana<\/p>\n<\/p>\n<p>Experiencia. Carlos Adames es un veterano que participa con \u00e9xito enla Liga Mundial de Boxeo del AIBA. El M\u00e1s Destacado. Alberto Puello fue el boxeador m\u00e1s destacado en la Copa del Pac\u00edfico, Ecuador.<\/p>\n<p>Compartir este art\u00edculo<\/p>\n<\/p>\n<p>Yoel Adames F.<\/p>\n<p>Santo Domingo<\/p>\n<p>Tope no es pelea, pero si por los resultados de la fase de preparaci\u00f3n se puede sacar algunas conclusiones, el boxeo dominicano colocar\u00e1 a muchos de sus representantes en el podio de los Juegos Centroamericanos de Veracruz 2014.<\/p>\n<\/p>\n<p>El entrenador Pedro M\u00e9jico asegura que el conjunto nacional, que por primera vez asistir\u00e1 a esta cita internacional con 11 representantes, de 12 posibles, buenos resultados.<\/p>\n<\/p>\n<p>\u00abEste colectivo tiene las condiciones para dar la gran sorpresa y hacer algo grande en estos Juegos, claro, hay muchas cosas de aqu\u00ed all\u00e1 aunque estamos a ley de d\u00edas, cosas como el sorteo, el clima mexicano y cualquier imprevisto a la llegada puede cambiar lo programado, pero si por los fogueos que hemos tenido, en los cuales han participados muchos rivales que veremos all\u00ed, entonces podemos decir que hay que contar con el boxeo para el cuadro de medallas\u00bb, dijo el entrenador cubano.<\/p>\n<\/p>\n<p>Buena preparaci\u00f3n<\/p>\n<p>El pugilismo, uno de los deportes m\u00e1s medalleros en la historia ol\u00edmpica dominicana, inici\u00f3 su preparaci\u00f3n para Veracruz 2014 en los XVII Juegos Bolivarianos, realizados del 16 al 30 de noviembre de 2013 en ciudad de Trujillo, Per\u00fa,  y como sub sedes las ciudades de Lima y Chiclayo.<\/p>\n<\/p>\n<p> \u00abEmpezamos bien con los bolivarianos hace un a\u00f1o, pudimos ir a m\u00e1s eventos, pero a los que fuimos resultaron suficientes. Nos ayudaron mucho las copas locales Independencia y Romana; fue escandaloso lo que los muchachos lograron en Puerto Rico y en las eliminatorias,  en eventos en M\u00e9xico, Ecuador, Colombia tambi\u00e9n mostraron un alto nivel.<\/p>\n<\/p>\n<p>\u00abA finales de octubre terminamos como iniciamos, a todo vapor, con cuatro medallas de oro, dos de plata en la Copa del Pac\u00edfico, en Guayaquil, Ecuador. Y algo muy bueno fue que un dominicano fue premiado como el mejor p\u00fagil del evento\u00bb, detall\u00f3 el t\u00e9cnico del seleccionado nacional.<\/p>\n<\/p>\n<p>Sobre el podio<\/p>\n<p>Las chatas de oro fueron para Gerardo Valdez (52 Kgs.), H\u00e9ctor Luis Garc\u00eda (56),  Carlos Adames (64) y Alberto Puello (69), quien result\u00f3 el m\u00e1s destacado del torneo; mientras que los conquistadores de plata fueron Leonel de los Santos (49) y Sparkinson Almonte (60). Tambi\u00e9n forman el equipo que viajar\u00e1 a mediados de mes a Veracruz, Ra\u00fal S\u00e1nchez (75), Luis Alfredo Ram\u00edrez (81), Joaqu\u00edn Berroa (91) y Manuel de Jes\u00fas Mari\u00f1ez (+91).<\/p>\n<\/p>\n<p>El seleccionado dominicano lo completan dos damas, la campeona continental  Yenebier Guill\u00e9n (75) y la talentosa joven Mirkin Sena (60).<\/p>\n<\/p>\n<h6> 2014-11-06 14:26:07 <\/h6>\n<p><!--\n<link rel=\"stylesheet\" href=\"css\/bootstrap.min.css\">\n\n\n<ul class=\"pagination\">\n\t    \n\t\n\n<li >\n\t<a href='?page_no=16159'>Previous<\/a>\n\t<\/li>\n\n\n       \n    \n\n<li><a href='?page_no=1'>1<\/a><\/li>\n\n\n\n<li><a href='?page_no=2'>2<\/a><\/li>\n\n\n\n<li><a>...<\/a><\/li>\n\n\n\n<li><a href='?page_no=16158'>16158<\/a><\/li>\n\n\n\n<li><a href='?page_no=16159'>16159<\/a><\/li>\n\n\n\n<li class='active'><a>16160<\/a><\/li>\n\n\n\n<li><a href='?page_no=16161'>16161<\/a><\/li>\n\n\n\n<li><a href='?page_no=16162'>16162<\/a><\/li>\n\n\n\n<li><a>...<\/a><\/li>\n\n\n\n<li><a href='?page_no=36618'>36618<\/a><\/li>\n\n\n\n<li><a href='?page_no=36619'>36619<\/a><\/li>\n\n    \n\t\n\n<li >\n\t<a href='?page_no=16161'>Next<\/a>\n\t<\/li>\n\n\n    \n\n<li><a href='?page_no=36619'>Last &rsaquo;&rsaquo;<\/a><\/li>\n\n<\/ul>\n\n\n--><br \/>\n<\/body><\/p>\n","protected":false},"excerpt":{"rendered":"<p>JUEGOS CENTROAMERICANOS Boxeo viajar\u00e1 Veracruz tras un fogueo de oro; Diez hombres y dos mujeres representar\u00e1n a Rep\u00fablica Dominicana Experiencia. Carlos Adames es un veterano que participa con \u00e9xito enla Liga Mundial de Boxeo del AIBA. El M\u00e1s Destacado. Alberto Puello fue el boxeador m\u00e1s destacado en la Copa del Pac\u00edfico, Ecuador. Compartir este art\u00edculo [&hellip;]<\/p>\n","protected":false},"author":3,"featured_media":0,"comment_status":"open","ping_status":"open","sticky":false,"template":"","format":"standard","meta":{"footnotes":""},"categories":[17],"tags":[],"class_list":["post-199682","post","type-post","status-publish","format-standard","hentry","category-deportes"],"_links":{"self":[{"href":"https:\/\/diariodominicano.com\/index.php?rest_route=\/wp\/v2\/posts\/199682","targetHints":{"allow":["GET"]}}],"collection":[{"href":"https:\/\/diariodominicano.com\/index.php?rest_route=\/wp\/v2\/posts"}],"about":[{"href":"https:\/\/diariodominicano.com\/index.php?rest_route=\/wp\/v2\/types\/post"}],"author":[{"embeddable":true,"href":"https:\/\/diariodominicano.com\/index.php?rest_route=\/wp\/v2\/users\/3"}],"replies":[{"embeddable":true,"href":"https:\/\/diariodominicano.com\/index.php?rest_route=%2Fwp%2Fv2%2Fcomments&post=199682"}],"version-history":[{"count":0,"href":"https:\/\/diariodominicano.com\/index.php?rest_route=\/wp\/v2\/posts\/199682\/revisions"}],"wp:attachment":[{"href":"https:\/\/diariodominicano.com\/index.php?rest_route=%2Fwp%2Fv2%2Fmedia&parent=199682"}],"wp:term":[{"taxonomy":"category","embeddable":true,"href":"https:\/\/diariodominicano.com\/index.php?rest_route=%2Fwp%2Fv2%2Fcategories&post=199682"},{"taxonomy":"post_tag","embeddable":true,"href":"https:\/\/diariodominicano.com\/index.php?rest_route=%2Fwp%2Fv2%2Ftags&post=199682"}],"curies":[{"name":"wp","href":"https:\/\/api.w.org\/{rel}","templated":true}]}}