{"id":199679,"date":"2014-11-06T17:09:23","date_gmt":"2014-11-06T17:09:23","guid":{"rendered":"http:\/\/diariodominicano.ddns.net\/?p=199679"},"modified":"2014-11-06T17:09:23","modified_gmt":"2014-11-06T17:09:23","slug":"preocupa-a-presidenta-del-senado-baja-participacion-de-la-mujer","status":"publish","type":"post","link":"https:\/\/diariodominicano.com\/?p=199679","title":{"rendered":"Preocupa a presidenta del Senado baja participaci\u00f3n de la mujer"},"content":{"rendered":"<p><body><\/p>\n<p><img decoding=\"async\" src=\"img3\/cris 6.jpg\" \/><br \/><img decoding=\"async\" src=\"img3\/liza 6.jpg\" \/>  <\/p>\n<p>Santo Domingo RD 6 noviembre.- . La presidenta del Senado, Cristina Lizardo Mezquita, dijo sentir preocupaci\u00f3n por el min\u00fasculo \u00edndice de la participaci\u00f3n de la mujer en todos los \u00e1mbitos de  la vida.<\/p>\n<\/p>\n<p>Cristina Lizardo, Habl\u00f3 en estos t\u00e9rminos al encabezar una actividad donde dej\u00f3 formalmente iniciado el \u00abEncuentro Internacional Mujer y Deporte\u00bb<\/p>\n<\/p>\n<p>Aunque Cristina Lizardo reconoci\u00f3 los esfuerzos hechos por empoderar a la mujer, considero que existe una deuda acumulada que debe comenzar a saldarse con \u00abbonos sustanciosos y significativos\u00bb<\/p>\n<\/p>\n<p>\u00abNo se puede hablar de de una Planificaci\u00f3n Estrat\u00e9gica de Desarrollo si en ella no se alista la labor y la presencia de la mujer\u00bb argument\u00f3 la presidenta del Senado.<\/p>\n<\/p>\n<p>Cristina Lizardo quien adem\u00e1s es miembros hace m\u00e1s de ocho a\u00f1o de Comisi\u00f3n Permanente de Deporte del Senado de la Rep\u00fablica, Reafirm\u00f3 su compromiso con la equidad e invit\u00f3 a los dirigentes del deporte del pa\u00eds a  enriquecer con ideas el proyecto de modificaci\u00f3n de la actual ley de Deportes No. 356-05 con observaciones y recomendaciones.<\/p>\n<\/p>\n<p>\u00abEsa modificaci\u00f3n, entre otras cosas, declara de inter\u00e9s y prioridad nacional, \u00abLa Educaci\u00f3n F\u00edsica y la Recreaci\u00f3n\u00bb enfocada esencialmente a la orientaci\u00f3n integrar de los ciudadanos y ciudadanas en lo f\u00edsico, intelectual y moral.<\/p>\n<\/p>\n<p>De su lado, Teresa Duran, Directora de Genero del Ministerio de Deporte , indico que en el conclave estar\u00e1n presentes delegaciones de, cuba, Venezuela, Panam\u00e1, Hait\u00ed, y Puerto Rico , \u00abLa activada busca establecer un acercamiento entre mujeres lideres deportivas\u00bb indico <\/p>\n<h6> 2014-11-06 17:09:23 <\/h6>\n<p><!--\n<link rel=\"stylesheet\" href=\"css\/bootstrap.min.css\">\n\n\n<ul class=\"pagination\">\n\t    \n\t\n\n<li >\n\t<a href='?page_no=16157'>Previous<\/a>\n\t<\/li>\n\n\n       \n    \n\n<li><a href='?page_no=1'>1<\/a><\/li>\n\n\n\n<li><a href='?page_no=2'>2<\/a><\/li>\n\n\n\n<li><a>...<\/a><\/li>\n\n\n\n<li><a href='?page_no=16156'>16156<\/a><\/li>\n\n\n\n<li><a href='?page_no=16157'>16157<\/a><\/li>\n\n\n\n<li class='active'><a>16158<\/a><\/li>\n\n\n\n<li><a href='?page_no=16159'>16159<\/a><\/li>\n\n\n\n<li><a href='?page_no=16160'>16160<\/a><\/li>\n\n\n\n<li><a>...<\/a><\/li>\n\n\n\n<li><a href='?page_no=36618'>36618<\/a><\/li>\n\n\n\n<li><a href='?page_no=36619'>36619<\/a><\/li>\n\n    \n\t\n\n<li >\n\t<a href='?page_no=16159'>Next<\/a>\n\t<\/li>\n\n\n    \n\n<li><a href='?page_no=36619'>Last &rsaquo;&rsaquo;<\/a><\/li>\n\n<\/ul>\n\n\n--><br \/>\n<\/body><\/p>\n","protected":false},"excerpt":{"rendered":"<p>Santo Domingo RD 6 noviembre.- . La presidenta del Senado, Cristina Lizardo Mezquita, dijo sentir preocupaci\u00f3n por el min\u00fasculo \u00edndice de la participaci\u00f3n de la mujer en todos los \u00e1mbitos de la vida. Cristina Lizardo, Habl\u00f3 en estos t\u00e9rminos al encabezar una actividad donde dej\u00f3 formalmente iniciado el \u00abEncuentro Internacional Mujer y Deporte\u00bb Aunque Cristina [&hellip;]<\/p>\n","protected":false},"author":3,"featured_media":0,"comment_status":"open","ping_status":"open","sticky":false,"template":"","format":"standard","meta":{"footnotes":""},"categories":[17],"tags":[],"class_list":["post-199679","post","type-post","status-publish","format-standard","hentry","category-deportes"],"_links":{"self":[{"href":"https:\/\/diariodominicano.com\/index.php?rest_route=\/wp\/v2\/posts\/199679","targetHints":{"allow":["GET"]}}],"collection":[{"href":"https:\/\/diariodominicano.com\/index.php?rest_route=\/wp\/v2\/posts"}],"about":[{"href":"https:\/\/diariodominicano.com\/index.php?rest_route=\/wp\/v2\/types\/post"}],"author":[{"embeddable":true,"href":"https:\/\/diariodominicano.com\/index.php?rest_route=\/wp\/v2\/users\/3"}],"replies":[{"embeddable":true,"href":"https:\/\/diariodominicano.com\/index.php?rest_route=%2Fwp%2Fv2%2Fcomments&post=199679"}],"version-history":[{"count":0,"href":"https:\/\/diariodominicano.com\/index.php?rest_route=\/wp\/v2\/posts\/199679\/revisions"}],"wp:attachment":[{"href":"https:\/\/diariodominicano.com\/index.php?rest_route=%2Fwp%2Fv2%2Fmedia&parent=199679"}],"wp:term":[{"taxonomy":"category","embeddable":true,"href":"https:\/\/diariodominicano.com\/index.php?rest_route=%2Fwp%2Fv2%2Fcategories&post=199679"},{"taxonomy":"post_tag","embeddable":true,"href":"https:\/\/diariodominicano.com\/index.php?rest_route=%2Fwp%2Fv2%2Ftags&post=199679"}],"curies":[{"name":"wp","href":"https:\/\/api.w.org\/{rel}","templated":true}]}}